{"id":14610,"date":"2018-11-09T16:53:18","date_gmt":"2018-11-09T15:53:18","guid":{"rendered":"https:\/\/www.miet-check.de\/Mietblog\/2018\/11\/09\/pressemitteilung-wir-brauchen-architekten-fuers-bauen-und-planen\/"},"modified":"2018-11-09T16:53:18","modified_gmt":"2018-11-09T15:53:18","slug":"pressemitteilung-wir-brauchen-architekten-fuers-bauen-und-planen","status":"publish","type":"post","link":"https:\/\/www.miet-check.de\/Mietblog\/2018\/11\/09\/pressemitteilung-wir-brauchen-architekten-fuers-bauen-und-planen\/","title":{"rendered":"Pressemitteilung &#8211; Wir brauchen Architekten f\u00fcr&#8217;s Bauen und Planen"},"content":{"rendered":"<p>Kiel, 08.11.2018 (lifePR) &#8211; \u201eErst kommt die Pflicht; dann kommt die K\u00fcr. Das ist beim Sport so und auch in der Wohnungspolitik. Wir brauchen dringend Architekten f\u00fcr die Bau\u00e4mter und die Stadtplaner, um den Wohnungsbau zu beschleunigen. Prima, wenn dabei Architektur entsteht, die preisw\u00fcrdig ist,\u201c so kommentierte Alexander Bla\u017eek, Verbandsvorsitzender von Haus &amp; Grund Schleswig-Holstein, den in der heutigen Landtagssitzung diskutierten Vorschlag, einen Landesbaupreis einzuf\u00fchren, w\u00f6rtlich.<\/p>\n<p>\u201eDaher muss zun\u00e4chst der Studiengang Architektur und Stadtplanung eingef\u00fchrt werden\u201c, forderte der Verbandschef. Den Mangel an Architekten und Stadtplanen beklagten nicht nur Architekturb\u00fcros. Vor allem in den Bau\u00e4mtern fehle es an qualifiziertem Personal. Die Bearbeitung von Baugenehmigungen verz\u00f6gerte sich so unn\u00f6tig. Kommunen k\u00f6nnten oftmals keine neuen Baugebiete ausweisen.<\/p>\n<p>\u201eDie Idee, vorbildliche Architektur und Stadtplanung zu pr\u00e4mieren, ist klasse und ein Signal gegen Kl\u00f6tzchenarchitektur,\u201c lobte Bla\u017eek den Vorsto\u00df des Landesbaupreises abschlie\u00dfend. Derzeit entst\u00fcnden h\u00e4ufig ideenlose Bauvorhaben nach dem Motto: \u201ePraktisch, quadratisch, nicht gut!\u201c Dabei ginge es den Investoren weniger um st\u00e4dtebauliche Qualit\u00e4t als vielmehr um Gewinnmaximierung.<\/p>\n<p>Haus &amp; Grund Schleswig-Holstein vertritt die Interessen der privaten Grundeigent\u00fcmer und hat landesweit \u00fcber 68.000 Mitglieder.<\/p>\n<div style=\"margin-top: 0px; margin-bottom: 0px;\" class=\"sharethis-inline-follow-buttons\" ><\/div>","protected":false},"excerpt":{"rendered":"<p>Kiel, 08.11.2018 (lifePR) &#8211; \u201eErst kommt die Pflicht; dann kommt die K\u00fcr. Das ist beim Sport so und auch in der Wohnungspolitik. &hellip;<\/p>\n","protected":false},"author":1,"featured_media":2000000000,"comment_status":"open","ping_status":"open","sticky":false,"template":"","format":"standard","meta":{"_yoast_wpseo_focuskw":"","_yoast_wpseo_title":"","_yoast_wpseo_metadesc":"","footnotes":""},"categories":[431],"tags":[],"class_list":["post-14610","post","type-post","status-publish","format-standard","has-post-thumbnail","hentry","category-pressemitteilung-pressemeldung"],"yoast_head":"<!-- This site is optimized with the Yoast SEO plugin v27.2 - https:\/\/yoast.com\/product\/yoast-seo-wordpress\/ -->\n<title>Pressemitteilung - Wir brauchen Architekten f\u00fcr&#039;s Bauen und Planen - Magazin f\u00fcr Vermieter<\/title>\n<meta name=\"robots\" content=\"index, follow, max-snippet:-1, max-image-preview:large, max-video-preview:-1\" \/>\n<link rel=\"canonical\" href=\"https:\/\/www.miet-check.de\/Mietblog\/2018\/11\/09\/pressemitteilung-wir-brauchen-architekten-fuers-bauen-und-planen\/\" \/>\n<meta property=\"og:locale\" content=\"de_DE\" \/>\n<meta property=\"og:type\" content=\"article\" \/>\n<meta property=\"og:title\" content=\"Pressemitteilung - Wir brauchen Architekten f\u00fcr&#039;s Bauen und Planen - Magazin f\u00fcr Vermieter\" \/>\n<meta property=\"og:description\" content=\"Kiel, 08.11.2018 (lifePR) &#8211; \u201eErst kommt die Pflicht; dann kommt die K\u00fcr. Das ist beim Sport so und auch in der Wohnungspolitik. &hellip;\" \/>\n<meta property=\"og:url\" content=\"https:\/\/www.miet-check.de\/Mietblog\/2018\/11\/09\/pressemitteilung-wir-brauchen-architekten-fuers-bauen-und-planen\/\" \/>\n<meta property=\"og:site_name\" content=\"Magazin f\u00fcr Vermieter\" \/>\n<meta property=\"article:published_time\" content=\"2018-11-09T15:53:18+00:00\" \/>\n<meta name=\"author\" content=\"Jochen\" \/>\n<meta name=\"twitter:card\" content=\"summary_large_image\" \/>\n<meta name=\"twitter:label1\" content=\"Verfasst von\" \/>\n\t<meta name=\"twitter:data1\" content=\"Jochen\" \/>\n\t<meta name=\"twitter:label2\" content=\"Gesch\u00e4tzte Lesezeit\" \/>\n\t<meta name=\"twitter:data2\" content=\"1\u00a0Minute\" \/>\n<script type=\"application\/ld+json\" class=\"yoast-schema-graph\">{\"@context\":\"https:\/\/schema.org\",\"@graph\":[{\"@type\":\"NewsArticle\",\"@id\":\"https:\/\/www.miet-check.de\/Mietblog\/2018\/11\/09\/pressemitteilung-wir-brauchen-architekten-fuers-bauen-und-planen\/#article\",\"isPartOf\":{\"@id\":\"https:\/\/www.miet-check.de\/Mietblog\/2018\/11\/09\/pressemitteilung-wir-brauchen-architekten-fuers-bauen-und-planen\/\"},\"author\":{\"name\":\"Jochen\",\"@id\":\"https:\/\/www.miet-check.de\/Mietblog\/#\/schema\/person\/f6b99f199b07857a56ba6355973ec2c6\"},\"headline\":\"Pressemitteilung &#8211; Wir brauchen Architekten f\u00fcr&#8217;s Bauen und Planen\",\"datePublished\":\"2018-11-09T15:53:18+00:00\",\"mainEntityOfPage\":{\"@id\":\"https:\/\/www.miet-check.de\/Mietblog\/2018\/11\/09\/pressemitteilung-wir-brauchen-architekten-fuers-bauen-und-planen\/\"},\"wordCount\":209,\"commentCount\":0,\"image\":{\"@id\":\"https:\/\/www.miet-check.de\/Mietblog\/2018\/11\/09\/pressemitteilung-wir-brauchen-architekten-fuers-bauen-und-planen\/#primaryimage\"},\"thumbnailUrl\":\"\",\"articleSection\":[\"Pressemitteilung \/ Pressemeldung\"],\"inLanguage\":\"de\",\"potentialAction\":[{\"@type\":\"CommentAction\",\"name\":\"Comment\",\"target\":[\"https:\/\/www.miet-check.de\/Mietblog\/2018\/11\/09\/pressemitteilung-wir-brauchen-architekten-fuers-bauen-und-planen\/#respond\"]}],\"dateModified\":\"2018-11-09T16:53:18+01:00\"},{\"@type\":\"WebPage\",\"@id\":\"https:\/\/www.miet-check.de\/Mietblog\/2018\/11\/09\/pressemitteilung-wir-brauchen-architekten-fuers-bauen-und-planen\/\",\"url\":\"https:\/\/www.miet-check.de\/Mietblog\/2018\/11\/09\/pressemitteilung-wir-brauchen-architekten-fuers-bauen-und-planen\/\",\"name\":\"Pressemitteilung - Wir brauchen Architekten f\u00fcr's Bauen und Planen - Magazin f\u00fcr Vermieter\",\"isPartOf\":{\"@id\":\"https:\/\/www.miet-check.de\/Mietblog\/#website\"},\"primaryImageOfPage\":{\"@id\":\"https:\/\/www.miet-check.de\/Mietblog\/2018\/11\/09\/pressemitteilung-wir-brauchen-architekten-fuers-bauen-und-planen\/#primaryimage\"},\"image\":{\"@id\":\"https:\/\/www.miet-check.de\/Mietblog\/2018\/11\/09\/pressemitteilung-wir-brauchen-architekten-fuers-bauen-und-planen\/#primaryimage\"},\"thumbnailUrl\":\"\",\"datePublished\":\"2018-11-09T15:53:18+00:00\",\"author\":{\"@id\":\"https:\/\/www.miet-check.de\/Mietblog\/#\/schema\/person\/f6b99f199b07857a56ba6355973ec2c6\"},\"breadcrumb\":{\"@id\":\"https:\/\/www.miet-check.de\/Mietblog\/2018\/11\/09\/pressemitteilung-wir-brauchen-architekten-fuers-bauen-und-planen\/#breadcrumb\"},\"inLanguage\":\"de\",\"potentialAction\":[{\"@type\":\"ReadAction\",\"target\":[\"https:\/\/www.miet-check.de\/Mietblog\/2018\/11\/09\/pressemitteilung-wir-brauchen-architekten-fuers-bauen-und-planen\/\"]}]},{\"@type\":\"ImageObject\",\"inLanguage\":\"de\",\"@id\":\"https:\/\/www.miet-check.de\/Mietblog\/2018\/11\/09\/pressemitteilung-wir-brauchen-architekten-fuers-bauen-und-planen\/#primaryimage\",\"url\":\"\",\"contentUrl\":\"\"},{\"@type\":\"BreadcrumbList\",\"@id\":\"https:\/\/www.miet-check.de\/Mietblog\/2018\/11\/09\/pressemitteilung-wir-brauchen-architekten-fuers-bauen-und-planen\/#breadcrumb\",\"itemListElement\":[{\"@type\":\"ListItem\",\"position\":1,\"name\":\"Startseite\",\"item\":\"https:\/\/www.miet-check.de\/Mietblog\/\"},{\"@type\":\"ListItem\",\"position\":2,\"name\":\"Pressemitteilung &#8211; Wir brauchen Architekten f\u00fcr&#8217;s Bauen und Planen\"}]},{\"@type\":\"WebSite\",\"@id\":\"https:\/\/www.miet-check.de\/Mietblog\/#website\",\"url\":\"https:\/\/www.miet-check.de\/Mietblog\/\",\"name\":\"Magazin f\u00fcr Vermieter\",\"description\":\"Mietpreise, Mietrecht, Mieterh\u00f6hung und vieles mehr...\",\"potentialAction\":[{\"@type\":\"SearchAction\",\"target\":{\"@type\":\"EntryPoint\",\"urlTemplate\":\"https:\/\/www.miet-check.de\/Mietblog\/?s={search_term_string}\"},\"query-input\":{\"@type\":\"PropertyValueSpecification\",\"valueRequired\":true,\"valueName\":\"search_term_string\"}}],\"inLanguage\":\"de\"},{\"@type\":\"Person\",\"@id\":\"https:\/\/www.miet-check.de\/Mietblog\/#\/schema\/person\/f6b99f199b07857a56ba6355973ec2c6\",\"name\":\"Jochen\",\"image\":{\"@type\":\"ImageObject\",\"inLanguage\":\"de\",\"@id\":\"https:\/\/secure.gravatar.com\/avatar\/1e725b4ceb701c169d6bf0c05c82a79e794268280a82b1454fb7af6156dd02cc?s=96&d=mm&r=g\",\"url\":\"https:\/\/secure.gravatar.com\/avatar\/1e725b4ceb701c169d6bf0c05c82a79e794268280a82b1454fb7af6156dd02cc?s=96&d=mm&r=g\",\"contentUrl\":\"https:\/\/secure.gravatar.com\/avatar\/1e725b4ceb701c169d6bf0c05c82a79e794268280a82b1454fb7af6156dd02cc?s=96&d=mm&r=g\",\"caption\":\"Jochen\"},\"url\":\"https:\/\/www.miet-check.de\/Mietblog\/author\/admin\/\"}]}<\/script>\n<!-- \/ Yoast SEO plugin. -->","yoast_head_json":{"title":"Pressemitteilung - Wir brauchen Architekten f\u00fcr's Bauen und Planen - Magazin f\u00fcr Vermieter","robots":{"index":"index","follow":"follow","max-snippet":"max-snippet:-1","max-image-preview":"max-image-preview:large","max-video-preview":"max-video-preview:-1"},"canonical":"https:\/\/www.miet-check.de\/Mietblog\/2018\/11\/09\/pressemitteilung-wir-brauchen-architekten-fuers-bauen-und-planen\/","og_locale":"de_DE","og_type":"article","og_title":"Pressemitteilung - Wir brauchen Architekten f\u00fcr's Bauen und Planen - Magazin f\u00fcr Vermieter","og_description":"Kiel, 08.11.2018 (lifePR) &#8211; \u201eErst kommt die Pflicht; dann kommt die K\u00fcr. Das ist beim Sport so und auch in der Wohnungspolitik. &hellip;","og_url":"https:\/\/www.miet-check.de\/Mietblog\/2018\/11\/09\/pressemitteilung-wir-brauchen-architekten-fuers-bauen-und-planen\/","og_site_name":"Magazin f\u00fcr Vermieter","article_published_time":"2018-11-09T15:53:18+00:00","author":"Jochen","twitter_card":"summary_large_image","twitter_misc":{"Verfasst von":"Jochen","Gesch\u00e4tzte Lesezeit":"1\u00a0Minute"},"schema":{"@context":"https:\/\/schema.org","@graph":[{"@type":"NewsArticle","@id":"https:\/\/www.miet-check.de\/Mietblog\/2018\/11\/09\/pressemitteilung-wir-brauchen-architekten-fuers-bauen-und-planen\/#article","isPartOf":{"@id":"https:\/\/www.miet-check.de\/Mietblog\/2018\/11\/09\/pressemitteilung-wir-brauchen-architekten-fuers-bauen-und-planen\/"},"author":{"name":"Jochen","@id":"https:\/\/www.miet-check.de\/Mietblog\/#\/schema\/person\/f6b99f199b07857a56ba6355973ec2c6"},"headline":"Pressemitteilung &#8211; Wir brauchen Architekten f\u00fcr&#8217;s Bauen und Planen","datePublished":"2018-11-09T15:53:18+00:00","mainEntityOfPage":{"@id":"https:\/\/www.miet-check.de\/Mietblog\/2018\/11\/09\/pressemitteilung-wir-brauchen-architekten-fuers-bauen-und-planen\/"},"wordCount":209,"commentCount":0,"image":{"@id":"https:\/\/www.miet-check.de\/Mietblog\/2018\/11\/09\/pressemitteilung-wir-brauchen-architekten-fuers-bauen-und-planen\/#primaryimage"},"thumbnailUrl":"","articleSection":["Pressemitteilung \/ Pressemeldung"],"inLanguage":"de","potentialAction":[{"@type":"CommentAction","name":"Comment","target":["https:\/\/www.miet-check.de\/Mietblog\/2018\/11\/09\/pressemitteilung-wir-brauchen-architekten-fuers-bauen-und-planen\/#respond"]}],"dateModified":"2018-11-09T16:53:18+01:00"},{"@type":"WebPage","@id":"https:\/\/www.miet-check.de\/Mietblog\/2018\/11\/09\/pressemitteilung-wir-brauchen-architekten-fuers-bauen-und-planen\/","url":"https:\/\/www.miet-check.de\/Mietblog\/2018\/11\/09\/pressemitteilung-wir-brauchen-architekten-fuers-bauen-und-planen\/","name":"Pressemitteilung - Wir brauchen Architekten f\u00fcr's Bauen und Planen - Magazin f\u00fcr Vermieter","isPartOf":{"@id":"https:\/\/www.miet-check.de\/Mietblog\/#website"},"primaryImageOfPage":{"@id":"https:\/\/www.miet-check.de\/Mietblog\/2018\/11\/09\/pressemitteilung-wir-brauchen-architekten-fuers-bauen-und-planen\/#primaryimage"},"image":{"@id":"https:\/\/www.miet-check.de\/Mietblog\/2018\/11\/09\/pressemitteilung-wir-brauchen-architekten-fuers-bauen-und-planen\/#primaryimage"},"thumbnailUrl":"","datePublished":"2018-11-09T15:53:18+00:00","author":{"@id":"https:\/\/www.miet-check.de\/Mietblog\/#\/schema\/person\/f6b99f199b07857a56ba6355973ec2c6"},"breadcrumb":{"@id":"https:\/\/www.miet-check.de\/Mietblog\/2018\/11\/09\/pressemitteilung-wir-brauchen-architekten-fuers-bauen-und-planen\/#breadcrumb"},"inLanguage":"de","potentialAction":[{"@type":"ReadAction","target":["https:\/\/www.miet-check.de\/Mietblog\/2018\/11\/09\/pressemitteilung-wir-brauchen-architekten-fuers-bauen-und-planen\/"]}]},{"@type":"ImageObject","inLanguage":"de","@id":"https:\/\/www.miet-check.de\/Mietblog\/2018\/11\/09\/pressemitteilung-wir-brauchen-architekten-fuers-bauen-und-planen\/#primaryimage","url":"","contentUrl":""},{"@type":"BreadcrumbList","@id":"https:\/\/www.miet-check.de\/Mietblog\/2018\/11\/09\/pressemitteilung-wir-brauchen-architekten-fuers-bauen-und-planen\/#breadcrumb","itemListElement":[{"@type":"ListItem","position":1,"name":"Startseite","item":"https:\/\/www.miet-check.de\/Mietblog\/"},{"@type":"ListItem","position":2,"name":"Pressemitteilung &#8211; Wir brauchen Architekten f\u00fcr&#8217;s Bauen und Planen"}]},{"@type":"WebSite","@id":"https:\/\/www.miet-check.de\/Mietblog\/#website","url":"https:\/\/www.miet-check.de\/Mietblog\/","name":"Magazin f\u00fcr Vermieter","description":"Mietpreise, Mietrecht, Mieterh\u00f6hung und vieles mehr...","potentialAction":[{"@type":"SearchAction","target":{"@type":"EntryPoint","urlTemplate":"https:\/\/www.miet-check.de\/Mietblog\/?s={search_term_string}"},"query-input":{"@type":"PropertyValueSpecification","valueRequired":true,"valueName":"search_term_string"}}],"inLanguage":"de"},{"@type":"Person","@id":"https:\/\/www.miet-check.de\/Mietblog\/#\/schema\/person\/f6b99f199b07857a56ba6355973ec2c6","name":"Jochen","image":{"@type":"ImageObject","inLanguage":"de","@id":"https:\/\/secure.gravatar.com\/avatar\/1e725b4ceb701c169d6bf0c05c82a79e794268280a82b1454fb7af6156dd02cc?s=96&d=mm&r=g","url":"https:\/\/secure.gravatar.com\/avatar\/1e725b4ceb701c169d6bf0c05c82a79e794268280a82b1454fb7af6156dd02cc?s=96&d=mm&r=g","contentUrl":"https:\/\/secure.gravatar.com\/avatar\/1e725b4ceb701c169d6bf0c05c82a79e794268280a82b1454fb7af6156dd02cc?s=96&d=mm&r=g","caption":"Jochen"},"url":"https:\/\/www.miet-check.de\/Mietblog\/author\/admin\/"}]}},"_links":{"self":[{"href":"https:\/\/www.miet-check.de\/Mietblog\/wp-json\/wp\/v2\/posts\/14610","targetHints":{"allow":["GET"]}}],"collection":[{"href":"https:\/\/www.miet-check.de\/Mietblog\/wp-json\/wp\/v2\/posts"}],"about":[{"href":"https:\/\/www.miet-check.de\/Mietblog\/wp-json\/wp\/v2\/types\/post"}],"author":[{"embeddable":true,"href":"https:\/\/www.miet-check.de\/Mietblog\/wp-json\/wp\/v2\/users\/1"}],"replies":[{"embeddable":true,"href":"https:\/\/www.miet-check.de\/Mietblog\/wp-json\/wp\/v2\/comments?post=14610"}],"version-history":[{"count":0,"href":"https:\/\/www.miet-check.de\/Mietblog\/wp-json\/wp\/v2\/posts\/14610\/revisions"}],"wp:attachment":[{"href":"https:\/\/www.miet-check.de\/Mietblog\/wp-json\/wp\/v2\/media?parent=14610"}],"wp:term":[{"taxonomy":"category","embeddable":true,"href":"https:\/\/www.miet-check.de\/Mietblog\/wp-json\/wp\/v2\/categories?post=14610"},{"taxonomy":"post_tag","embeddable":true,"href":"https:\/\/www.miet-check.de\/Mietblog\/wp-json\/wp\/v2\/tags?post=14610"}],"curies":[{"name":"wp","href":"https:\/\/api.w.org\/{rel}","templated":true}]}}