{"id":21146,"date":"2020-05-06T06:02:13","date_gmt":"2020-05-06T04:02:13","guid":{"rendered":"https:\/\/www.miet-check.de\/Mietblog\/2020\/05\/06\/pressemitteilung-design-terrassenstuhl-der-extraklasse\/"},"modified":"2020-05-06T06:02:13","modified_gmt":"2020-05-06T04:02:13","slug":"pressemitteilung-design-terrassenstuhl-der-extraklasse","status":"publish","type":"post","link":"https:\/\/www.miet-check.de\/Mietblog\/2020\/05\/06\/pressemitteilung-design-terrassenstuhl-der-extraklasse\/","title":{"rendered":"Pressemitteilung &#8211; Design Terrassenstuhl der Extraklasse"},"content":{"rendered":"<p>Bad Bentheim Gildehaus, 05.05.2020 (lifePR) &#8211; Viele Gastronomen stehen in den Startl\u00f6chern, um wieder zu er\u00f6ffnen. Zentrales Thema ist aktuell nat\u00fcrlich das Terrassengesch\u00e4ft. Der Gastronomieausstatter A.B.C. Worldwide aus Bad Bentheim bietet hier ein breites Sortiment an. Neu im Produktportfolio ist der Terrassenstuhl \u201eVesuv\u201c. Er sieht so attraktiv aus wie ein Geflecht-Stuhl, ist aber viel pflegeleichter. Durch die Jahrzehnte lange Erfahrung als Gastronomieausstatter sind die Outdoor-M\u00f6bel so konzipiert, dass die strapazierf\u00e4hig sind und lange halten. Die Glasfaser-verst\u00e4rkte Sitzschale des Terrassenstuhls besteht aus Glasfaser-verst\u00e4rktem Propylen. Sie ist somit besonders belastungsf\u00e4hig. Das Material ist UV- und wetterbest\u00e4ndig. Es bleicht nicht aus und wird nicht br\u00fcchig.<\/p>\n<p>Die Basis des eleganten Designerstuhls bildet ein Aluminium-Gestell, das leicht und rostbest\u00e4ndig ist. So lassen sich die St\u00fchle einfach stapeln und aufstellen bzw. wieder wegr\u00e4umen. Die Sitzschale mit den integrierten Armlehnen ist ergonomisch geformt und verspricht einen entspannten Abend auf der Restaurantterrasse. Zu haben ist Vesuv in den Farben Schwarz, Braun und Wei\u00df. Mehr Informationen gibt es hier: <a href=\"https:\/\/bit.ly\/ABC-Vesuv\">https:\/\/bit.ly\/ABC-Vesuv<\/a><\/p>\n<p><strong>Unternehmen<br \/><\/strong>A.B.C. Worldwide Import f\u00fcr M\u00f6beleinrichtungen und mehr GmbH<\/p>\n<p><a target='_blank' href='https:\/\/www.lifepr.de\/inaktiv\/abc-worldwide-import-fuer-moebeleinrichtungen-und-mehr-gmbh\/Design-Terrassenstuhl-der-Extraklasse\/boxid\/797604' rel=\"noopener noreferrer\">Zur Pressemitteilung auf LifePR.de<\/a>&lt;br \/<\/p>\n<div style=\"margin-top: 0px; margin-bottom: 0px;\" class=\"sharethis-inline-follow-buttons\" ><\/div>","protected":false},"excerpt":{"rendered":"<p>Bad Bentheim Gildehaus, 05.05.2020 (lifePR) &#8211; Viele Gastronomen stehen in den Startl\u00f6chern, um wieder zu er\u00f6ffnen. Zentrales Thema ist aktuell nat\u00fcrlich das Terrassengesch\u00e4ft. Der Gastronomieausstatter A.B.C. Worldwide aus Bad Bentheim &hellip; <\/p>\n","protected":false},"author":1,"featured_media":0,"comment_status":"open","ping_status":"open","sticky":false,"template":"","format":"standard","meta":{"footnotes":""},"categories":[431],"tags":[],"class_list":["post-21146","post","type-post","status-publish","format-standard","hentry","category-pressemitteilung-pressemeldung"],"yoast_head":"<!-- This site is optimized with the Yoast SEO plugin v27.2 - https:\/\/yoast.com\/product\/yoast-seo-wordpress\/ -->\n<title>Pressemitteilung - Design Terrassenstuhl der Extraklasse - Magazin f\u00fcr Vermieter<\/title>\n<meta name=\"robots\" content=\"index, follow, max-snippet:-1, max-image-preview:large, max-video-preview:-1\" \/>\n<link rel=\"canonical\" href=\"https:\/\/www.miet-check.de\/Mietblog\/2020\/05\/06\/pressemitteilung-design-terrassenstuhl-der-extraklasse\/\" \/>\n<meta property=\"og:locale\" content=\"de_DE\" \/>\n<meta property=\"og:type\" content=\"article\" \/>\n<meta property=\"og:title\" content=\"Pressemitteilung - Design Terrassenstuhl der Extraklasse - Magazin f\u00fcr Vermieter\" \/>\n<meta property=\"og:description\" content=\"Bad Bentheim Gildehaus, 05.05.2020 (lifePR) &#8211; Viele Gastronomen stehen in den Startl\u00f6chern, um wieder zu er\u00f6ffnen. Zentrales Thema ist aktuell nat\u00fcrlich das Terrassengesch\u00e4ft. Der Gastronomieausstatter A.B.C. Worldwide aus Bad Bentheim &hellip;\" \/>\n<meta property=\"og:url\" content=\"https:\/\/www.miet-check.de\/Mietblog\/2020\/05\/06\/pressemitteilung-design-terrassenstuhl-der-extraklasse\/\" \/>\n<meta property=\"og:site_name\" content=\"Magazin f\u00fcr Vermieter\" \/>\n<meta property=\"article:published_time\" content=\"2020-05-06T04:02:13+00:00\" \/>\n<meta name=\"author\" content=\"Jochen\" \/>\n<meta name=\"twitter:card\" content=\"summary_large_image\" \/>\n<meta name=\"twitter:label1\" content=\"Verfasst von\" \/>\n\t<meta name=\"twitter:data1\" content=\"Jochen\" \/>\n\t<meta name=\"twitter:label2\" content=\"Gesch\u00e4tzte Lesezeit\" \/>\n\t<meta name=\"twitter:data2\" content=\"1\u00a0Minute\" \/>\n<script type=\"application\/ld+json\" class=\"yoast-schema-graph\">{\"@context\":\"https:\/\/schema.org\",\"@graph\":[{\"@type\":\"Article\",\"@id\":\"https:\/\/www.miet-check.de\/Mietblog\/2020\/05\/06\/pressemitteilung-design-terrassenstuhl-der-extraklasse\/#article\",\"isPartOf\":{\"@id\":\"https:\/\/www.miet-check.de\/Mietblog\/2020\/05\/06\/pressemitteilung-design-terrassenstuhl-der-extraklasse\/\"},\"author\":{\"name\":\"Jochen\",\"@id\":\"https:\/\/www.miet-check.de\/Mietblog\/#\/schema\/person\/f6b99f199b07857a56ba6355973ec2c6\"},\"headline\":\"Pressemitteilung &#8211; Design Terrassenstuhl der Extraklasse\",\"datePublished\":\"2020-05-06T04:02:13+00:00\",\"mainEntityOfPage\":{\"@id\":\"https:\/\/www.miet-check.de\/Mietblog\/2020\/05\/06\/pressemitteilung-design-terrassenstuhl-der-extraklasse\/\"},\"wordCount\":205,\"commentCount\":0,\"articleSection\":[\"Pressemitteilung \/ Pressemeldung\"],\"inLanguage\":\"de\",\"potentialAction\":[{\"@type\":\"CommentAction\",\"name\":\"Comment\",\"target\":[\"https:\/\/www.miet-check.de\/Mietblog\/2020\/05\/06\/pressemitteilung-design-terrassenstuhl-der-extraklasse\/#respond\"]}]},{\"@type\":\"WebPage\",\"@id\":\"https:\/\/www.miet-check.de\/Mietblog\/2020\/05\/06\/pressemitteilung-design-terrassenstuhl-der-extraklasse\/\",\"url\":\"https:\/\/www.miet-check.de\/Mietblog\/2020\/05\/06\/pressemitteilung-design-terrassenstuhl-der-extraklasse\/\",\"name\":\"Pressemitteilung - Design Terrassenstuhl der Extraklasse - Magazin f\u00fcr Vermieter\",\"isPartOf\":{\"@id\":\"https:\/\/www.miet-check.de\/Mietblog\/#website\"},\"datePublished\":\"2020-05-06T04:02:13+00:00\",\"author\":{\"@id\":\"https:\/\/www.miet-check.de\/Mietblog\/#\/schema\/person\/f6b99f199b07857a56ba6355973ec2c6\"},\"breadcrumb\":{\"@id\":\"https:\/\/www.miet-check.de\/Mietblog\/2020\/05\/06\/pressemitteilung-design-terrassenstuhl-der-extraklasse\/#breadcrumb\"},\"inLanguage\":\"de\",\"potentialAction\":[{\"@type\":\"ReadAction\",\"target\":[\"https:\/\/www.miet-check.de\/Mietblog\/2020\/05\/06\/pressemitteilung-design-terrassenstuhl-der-extraklasse\/\"]}]},{\"@type\":\"BreadcrumbList\",\"@id\":\"https:\/\/www.miet-check.de\/Mietblog\/2020\/05\/06\/pressemitteilung-design-terrassenstuhl-der-extraklasse\/#breadcrumb\",\"itemListElement\":[{\"@type\":\"ListItem\",\"position\":1,\"name\":\"Startseite\",\"item\":\"https:\/\/www.miet-check.de\/Mietblog\/\"},{\"@type\":\"ListItem\",\"position\":2,\"name\":\"Pressemitteilung &#8211; Design Terrassenstuhl der Extraklasse\"}]},{\"@type\":\"WebSite\",\"@id\":\"https:\/\/www.miet-check.de\/Mietblog\/#website\",\"url\":\"https:\/\/www.miet-check.de\/Mietblog\/\",\"name\":\"Magazin f\u00fcr Vermieter\",\"description\":\"Mietpreise, Mietrecht, Mieterh\u00f6hung und vieles mehr...\",\"potentialAction\":[{\"@type\":\"SearchAction\",\"target\":{\"@type\":\"EntryPoint\",\"urlTemplate\":\"https:\/\/www.miet-check.de\/Mietblog\/?s={search_term_string}\"},\"query-input\":{\"@type\":\"PropertyValueSpecification\",\"valueRequired\":true,\"valueName\":\"search_term_string\"}}],\"inLanguage\":\"de\"},{\"@type\":\"Person\",\"@id\":\"https:\/\/www.miet-check.de\/Mietblog\/#\/schema\/person\/f6b99f199b07857a56ba6355973ec2c6\",\"name\":\"Jochen\",\"image\":{\"@type\":\"ImageObject\",\"inLanguage\":\"de\",\"@id\":\"https:\/\/secure.gravatar.com\/avatar\/1e725b4ceb701c169d6bf0c05c82a79e794268280a82b1454fb7af6156dd02cc?s=96&d=mm&r=g\",\"url\":\"https:\/\/secure.gravatar.com\/avatar\/1e725b4ceb701c169d6bf0c05c82a79e794268280a82b1454fb7af6156dd02cc?s=96&d=mm&r=g\",\"contentUrl\":\"https:\/\/secure.gravatar.com\/avatar\/1e725b4ceb701c169d6bf0c05c82a79e794268280a82b1454fb7af6156dd02cc?s=96&d=mm&r=g\",\"caption\":\"Jochen\"},\"url\":\"https:\/\/www.miet-check.de\/Mietblog\/author\/admin\/\"}]}<\/script>\n<!-- \/ Yoast SEO plugin. -->","yoast_head_json":{"title":"Pressemitteilung - Design Terrassenstuhl der Extraklasse - Magazin f\u00fcr Vermieter","robots":{"index":"index","follow":"follow","max-snippet":"max-snippet:-1","max-image-preview":"max-image-preview:large","max-video-preview":"max-video-preview:-1"},"canonical":"https:\/\/www.miet-check.de\/Mietblog\/2020\/05\/06\/pressemitteilung-design-terrassenstuhl-der-extraklasse\/","og_locale":"de_DE","og_type":"article","og_title":"Pressemitteilung - Design Terrassenstuhl der Extraklasse - Magazin f\u00fcr Vermieter","og_description":"Bad Bentheim Gildehaus, 05.05.2020 (lifePR) &#8211; Viele Gastronomen stehen in den Startl\u00f6chern, um wieder zu er\u00f6ffnen. Zentrales Thema ist aktuell nat\u00fcrlich das Terrassengesch\u00e4ft. Der Gastronomieausstatter A.B.C. Worldwide aus Bad Bentheim &hellip;","og_url":"https:\/\/www.miet-check.de\/Mietblog\/2020\/05\/06\/pressemitteilung-design-terrassenstuhl-der-extraklasse\/","og_site_name":"Magazin f\u00fcr Vermieter","article_published_time":"2020-05-06T04:02:13+00:00","author":"Jochen","twitter_card":"summary_large_image","twitter_misc":{"Verfasst von":"Jochen","Gesch\u00e4tzte Lesezeit":"1\u00a0Minute"},"schema":{"@context":"https:\/\/schema.org","@graph":[{"@type":"Article","@id":"https:\/\/www.miet-check.de\/Mietblog\/2020\/05\/06\/pressemitteilung-design-terrassenstuhl-der-extraklasse\/#article","isPartOf":{"@id":"https:\/\/www.miet-check.de\/Mietblog\/2020\/05\/06\/pressemitteilung-design-terrassenstuhl-der-extraklasse\/"},"author":{"name":"Jochen","@id":"https:\/\/www.miet-check.de\/Mietblog\/#\/schema\/person\/f6b99f199b07857a56ba6355973ec2c6"},"headline":"Pressemitteilung &#8211; Design Terrassenstuhl der Extraklasse","datePublished":"2020-05-06T04:02:13+00:00","mainEntityOfPage":{"@id":"https:\/\/www.miet-check.de\/Mietblog\/2020\/05\/06\/pressemitteilung-design-terrassenstuhl-der-extraklasse\/"},"wordCount":205,"commentCount":0,"articleSection":["Pressemitteilung \/ Pressemeldung"],"inLanguage":"de","potentialAction":[{"@type":"CommentAction","name":"Comment","target":["https:\/\/www.miet-check.de\/Mietblog\/2020\/05\/06\/pressemitteilung-design-terrassenstuhl-der-extraklasse\/#respond"]}]},{"@type":"WebPage","@id":"https:\/\/www.miet-check.de\/Mietblog\/2020\/05\/06\/pressemitteilung-design-terrassenstuhl-der-extraklasse\/","url":"https:\/\/www.miet-check.de\/Mietblog\/2020\/05\/06\/pressemitteilung-design-terrassenstuhl-der-extraklasse\/","name":"Pressemitteilung - Design Terrassenstuhl der Extraklasse - Magazin f\u00fcr Vermieter","isPartOf":{"@id":"https:\/\/www.miet-check.de\/Mietblog\/#website"},"datePublished":"2020-05-06T04:02:13+00:00","author":{"@id":"https:\/\/www.miet-check.de\/Mietblog\/#\/schema\/person\/f6b99f199b07857a56ba6355973ec2c6"},"breadcrumb":{"@id":"https:\/\/www.miet-check.de\/Mietblog\/2020\/05\/06\/pressemitteilung-design-terrassenstuhl-der-extraklasse\/#breadcrumb"},"inLanguage":"de","potentialAction":[{"@type":"ReadAction","target":["https:\/\/www.miet-check.de\/Mietblog\/2020\/05\/06\/pressemitteilung-design-terrassenstuhl-der-extraklasse\/"]}]},{"@type":"BreadcrumbList","@id":"https:\/\/www.miet-check.de\/Mietblog\/2020\/05\/06\/pressemitteilung-design-terrassenstuhl-der-extraklasse\/#breadcrumb","itemListElement":[{"@type":"ListItem","position":1,"name":"Startseite","item":"https:\/\/www.miet-check.de\/Mietblog\/"},{"@type":"ListItem","position":2,"name":"Pressemitteilung &#8211; Design Terrassenstuhl der Extraklasse"}]},{"@type":"WebSite","@id":"https:\/\/www.miet-check.de\/Mietblog\/#website","url":"https:\/\/www.miet-check.de\/Mietblog\/","name":"Magazin f\u00fcr Vermieter","description":"Mietpreise, Mietrecht, Mieterh\u00f6hung und vieles mehr...","potentialAction":[{"@type":"SearchAction","target":{"@type":"EntryPoint","urlTemplate":"https:\/\/www.miet-check.de\/Mietblog\/?s={search_term_string}"},"query-input":{"@type":"PropertyValueSpecification","valueRequired":true,"valueName":"search_term_string"}}],"inLanguage":"de"},{"@type":"Person","@id":"https:\/\/www.miet-check.de\/Mietblog\/#\/schema\/person\/f6b99f199b07857a56ba6355973ec2c6","name":"Jochen","image":{"@type":"ImageObject","inLanguage":"de","@id":"https:\/\/secure.gravatar.com\/avatar\/1e725b4ceb701c169d6bf0c05c82a79e794268280a82b1454fb7af6156dd02cc?s=96&d=mm&r=g","url":"https:\/\/secure.gravatar.com\/avatar\/1e725b4ceb701c169d6bf0c05c82a79e794268280a82b1454fb7af6156dd02cc?s=96&d=mm&r=g","contentUrl":"https:\/\/secure.gravatar.com\/avatar\/1e725b4ceb701c169d6bf0c05c82a79e794268280a82b1454fb7af6156dd02cc?s=96&d=mm&r=g","caption":"Jochen"},"url":"https:\/\/www.miet-check.de\/Mietblog\/author\/admin\/"}]}},"_links":{"self":[{"href":"https:\/\/www.miet-check.de\/Mietblog\/wp-json\/wp\/v2\/posts\/21146","targetHints":{"allow":["GET"]}}],"collection":[{"href":"https:\/\/www.miet-check.de\/Mietblog\/wp-json\/wp\/v2\/posts"}],"about":[{"href":"https:\/\/www.miet-check.de\/Mietblog\/wp-json\/wp\/v2\/types\/post"}],"author":[{"embeddable":true,"href":"https:\/\/www.miet-check.de\/Mietblog\/wp-json\/wp\/v2\/users\/1"}],"replies":[{"embeddable":true,"href":"https:\/\/www.miet-check.de\/Mietblog\/wp-json\/wp\/v2\/comments?post=21146"}],"version-history":[{"count":0,"href":"https:\/\/www.miet-check.de\/Mietblog\/wp-json\/wp\/v2\/posts\/21146\/revisions"}],"wp:attachment":[{"href":"https:\/\/www.miet-check.de\/Mietblog\/wp-json\/wp\/v2\/media?parent=21146"}],"wp:term":[{"taxonomy":"category","embeddable":true,"href":"https:\/\/www.miet-check.de\/Mietblog\/wp-json\/wp\/v2\/categories?post=21146"},{"taxonomy":"post_tag","embeddable":true,"href":"https:\/\/www.miet-check.de\/Mietblog\/wp-json\/wp\/v2\/tags?post=21146"}],"curies":[{"name":"wp","href":"https:\/\/api.w.org\/{rel}","templated":true}]}}