{"id":2356,"date":"2017-06-26T19:56:08","date_gmt":"2017-06-26T17:56:08","guid":{"rendered":"http:\/\/www.miet-check.de\/Mietblog\/2017\/06\/26\/pressemitteilung-die-nerven-liegen-blank-gibt-es-fuer-baur-den-begehrten-german-brand-award-2017\/"},"modified":"2017-06-26T19:56:08","modified_gmt":"2017-06-26T17:56:08","slug":"pressemitteilung-die-nerven-liegen-blank-gibt-es-fuer-baur-den-begehrten-german-brand-award-2017","status":"publish","type":"post","link":"https:\/\/www.miet-check.de\/Mietblog\/2017\/06\/26\/pressemitteilung-die-nerven-liegen-blank-gibt-es-fuer-baur-den-begehrten-german-brand-award-2017\/","title":{"rendered":"Pressemitteilung &#8211; Die Nerven liegen blank: Gibt es f\u00fcr BAUR den begehrten &#8222;German Brand Award 2017&#8220;?"},"content":{"rendered":"<p>(lifepr) H\u00f6chenschwand, 26.06.2017 &#8211; BAUR WohnFaszination informiert: Die Koffer sind gepackt und die Spannung steigt. Naja, eigentlich liegen die Nerven bereits seit einiger Zeit blank. Die Gesch\u00e4ftsleitung von BAUR WohnFaszination aus dem Schwarzwald <a href=\"http:\/\/www.baur-bwf.de\/\">http:\/\/www.baur-bwf.de<\/a> macht sich in wenigen Tagen auf zur Verleihungs-Gala des &#8222;German Brand Award&#8220; nach Berlin. Die Ziele sind hochgesteckt, erhofft man sich doch einen der begehrten Preise.<\/p>\n<p>&#8222;Jetzt geht&#8217;s los. Wir sind wirklich aufgeregt. Es w\u00e4re eine echte Sensation, wenn unser traditioneller Handwerksbetrieb aus den \u00fcber 900 nominierten Top-Unternehmen aus <a href=\"https:\/\/www.miet-check.de\/Mietblog\/2026\/07\/28\/mietpreise-deutschland-2026-staedte-ranking\/\">Deutschland<\/a> einen Preis gewinnen w\u00fcrden. Wir haben schon die Nominierung als gro\u00dfe Ehre empfunden&#8220;, so Pamela Baur, die Designchefin des bereits im Jahr 1882 gegr\u00fcndeten Familienunternehmens, das mit Luxusm\u00f6beln aus dem Schwarzwald weltweit Furore macht und in der Kategorie &#8222;Interior &amp; Living&#8220; f\u00fcr einen Hauptpreis nominiert ist.<\/p>\n<p>Kompromissloser Wohn-Luxus aus dem Schwarzwald<\/p>\n<p>Der German Brand Award ist eine der h\u00f6chsten Auszeichnungen f\u00fcr erfolgreiche Markenf\u00fchrung in Deutschland. Er pr\u00e4miert Marken und deren Macher, die durch ein klares Konzept ihr Unternehmen aus der breiten Masse hervorheben. BAUR WohnFaszination gelingt das in grandioser und kompromissloser Weise. Pamela Baur: &#8222;Unsere Devise ist einfach und klar: Wir verwenden nur die besten Materialen und setzen auf die bestm\u00f6gliche Handwerkskunst in der Verarbeitung. Dabei entstehen M\u00f6bel, die so einzigartig sind, wie ihre Besitzer.&#8220; Der Erfolg und die konsequente Ausrichtung auf h\u00f6chste Qualit\u00e4t, gibt BAUR Recht, denn die M\u00f6bel und Luxusk\u00fcchen aus dem Schwarzwald finden ihren Weg in die exklusivsten Chalets der Schweiz, in Sylter Ferienh\u00e4user genauso wie in Europas Metropolen und in die USA.<\/p>\n<p>Dabei hat das Unternehmen sehr bescheiden begonnen. Gegr\u00fcndet wurde es 1882 als einfacher Tischlereibetrieb. Pamela Baur: &#8222;Bekannt gemacht hat uns vor allem unsere Spezialisierung auf sehr exklusive und individuelle M\u00f6bel und K\u00fcchen. Wir schaffen damit im wahrsten Sinn des Wortes Wohnfaszination.&#8220;<\/p>\n<p>Man kann BAUR nur die Daumen f\u00fcr die Verleihung am 29. Juni in Berlin halten! Damit Handwerk in Deutschland auch weiterhin goldenen Boden hat &#8211; und f\u00fcr weitere 100 Jahre Motivation zu unverf\u00e4lschter Handwerkskunst.<\/p>\n<p>Bildtext:<\/p>\n<p>&#8222;Es w\u00e4re eine echte Sensation, wenn der traditionelle Handwerksbetrieb aus den \u00fcber 900 nominierten Top-Unternehmen aus Deutschland einen Preis gewinnen w\u00fcrde&#8220;, so Pamela Baur, die Designchefin des bereits im Jahr 1882 gegr\u00fcndeten Familienunternehmens, das mit Luxusm\u00f6beln aus dem Schwarzwald weltweit Furore macht und in der Kategorie Interior &amp; Living f\u00fcr einen Hauptpreis nominiert ist.<\/p>\n<div style=\"margin-top: 0px; margin-bottom: 0px;\" class=\"sharethis-inline-follow-buttons\" ><\/div>","protected":false},"excerpt":{"rendered":"<p>(lifepr) H\u00f6chenschwand, 26.06.2017 &#8211; BAUR WohnFaszination informiert: Die Koffer sind gepackt und die Spannung steigt. Naja, eigentlich liegen die Nerven bereits seit &hellip;<\/p>\n","protected":false},"author":1,"featured_media":2000000000,"comment_status":"open","ping_status":"open","sticky":false,"template":"","format":"standard","meta":{"_yoast_wpseo_focuskw":"","_yoast_wpseo_title":"","_yoast_wpseo_metadesc":"","footnotes":""},"categories":[431],"tags":[],"class_list":["post-2356","post","type-post","status-publish","format-standard","has-post-thumbnail","hentry","category-pressemitteilung-pressemeldung"],"yoast_head":"<!-- This site is optimized with the Yoast SEO plugin v27.2 - https:\/\/yoast.com\/product\/yoast-seo-wordpress\/ -->\n<title>Pressemitteilung - Die Nerven liegen blank: Gibt es f\u00fcr BAUR den begehrten &quot;German Brand Award 2017&quot;? - Magazin f\u00fcr Vermieter<\/title>\n<meta name=\"robots\" content=\"index, follow, max-snippet:-1, max-image-preview:large, max-video-preview:-1\" \/>\n<link rel=\"canonical\" href=\"https:\/\/www.miet-check.de\/Mietblog\/2017\/06\/26\/pressemitteilung-die-nerven-liegen-blank-gibt-es-fuer-baur-den-begehrten-german-brand-award-2017\/\" \/>\n<meta property=\"og:locale\" content=\"de_DE\" \/>\n<meta property=\"og:type\" content=\"article\" \/>\n<meta property=\"og:title\" content=\"Pressemitteilung - Die Nerven liegen blank: Gibt es f\u00fcr BAUR den begehrten &quot;German Brand Award 2017&quot;? - Magazin f\u00fcr Vermieter\" \/>\n<meta property=\"og:description\" content=\"(lifepr) H\u00f6chenschwand, 26.06.2017 &#8211; BAUR WohnFaszination informiert: Die Koffer sind gepackt und die Spannung steigt. Naja, eigentlich liegen die Nerven bereits seit &hellip;\" \/>\n<meta property=\"og:url\" content=\"https:\/\/www.miet-check.de\/Mietblog\/2017\/06\/26\/pressemitteilung-die-nerven-liegen-blank-gibt-es-fuer-baur-den-begehrten-german-brand-award-2017\/\" \/>\n<meta property=\"og:site_name\" content=\"Magazin f\u00fcr Vermieter\" \/>\n<meta property=\"article:published_time\" content=\"2017-06-26T17:56:08+00:00\" \/>\n<meta name=\"author\" content=\"Jochen\" \/>\n<meta name=\"twitter:card\" content=\"summary_large_image\" \/>\n<meta name=\"twitter:label1\" content=\"Verfasst von\" \/>\n\t<meta name=\"twitter:data1\" content=\"Jochen\" \/>\n\t<meta name=\"twitter:label2\" content=\"Gesch\u00e4tzte Lesezeit\" \/>\n\t<meta name=\"twitter:data2\" content=\"2\u00a0Minuten\" \/>\n<script type=\"application\/ld+json\" class=\"yoast-schema-graph\">{\"@context\":\"https:\/\/schema.org\",\"@graph\":[{\"@type\":\"NewsArticle\",\"@id\":\"https:\/\/www.miet-check.de\/Mietblog\/2017\/06\/26\/pressemitteilung-die-nerven-liegen-blank-gibt-es-fuer-baur-den-begehrten-german-brand-award-2017\/#article\",\"isPartOf\":{\"@id\":\"https:\/\/www.miet-check.de\/Mietblog\/2017\/06\/26\/pressemitteilung-die-nerven-liegen-blank-gibt-es-fuer-baur-den-begehrten-german-brand-award-2017\/\"},\"author\":{\"name\":\"Jochen\",\"@id\":\"https:\/\/www.miet-check.de\/Mietblog\/#\/schema\/person\/f6b99f199b07857a56ba6355973ec2c6\"},\"headline\":\"Pressemitteilung &#8211; Die Nerven liegen blank: Gibt es f\u00fcr BAUR den begehrten &#8222;German Brand Award 2017&#8220;?\",\"datePublished\":\"2017-06-26T17:56:08+00:00\",\"mainEntityOfPage\":{\"@id\":\"https:\/\/www.miet-check.de\/Mietblog\/2017\/06\/26\/pressemitteilung-die-nerven-liegen-blank-gibt-es-fuer-baur-den-begehrten-german-brand-award-2017\/\"},\"wordCount\":422,\"commentCount\":0,\"image\":{\"@id\":\"https:\/\/www.miet-check.de\/Mietblog\/2017\/06\/26\/pressemitteilung-die-nerven-liegen-blank-gibt-es-fuer-baur-den-begehrten-german-brand-award-2017\/#primaryimage\"},\"thumbnailUrl\":\"\",\"articleSection\":[\"Pressemitteilung \/ Pressemeldung\"],\"inLanguage\":\"de\",\"potentialAction\":[{\"@type\":\"CommentAction\",\"name\":\"Comment\",\"target\":[\"https:\/\/www.miet-check.de\/Mietblog\/2017\/06\/26\/pressemitteilung-die-nerven-liegen-blank-gibt-es-fuer-baur-den-begehrten-german-brand-award-2017\/#respond\"]}],\"dateModified\":\"2017-06-26T19:56:08+02:00\"},{\"@type\":\"WebPage\",\"@id\":\"https:\/\/www.miet-check.de\/Mietblog\/2017\/06\/26\/pressemitteilung-die-nerven-liegen-blank-gibt-es-fuer-baur-den-begehrten-german-brand-award-2017\/\",\"url\":\"https:\/\/www.miet-check.de\/Mietblog\/2017\/06\/26\/pressemitteilung-die-nerven-liegen-blank-gibt-es-fuer-baur-den-begehrten-german-brand-award-2017\/\",\"name\":\"Pressemitteilung - Die Nerven liegen blank: Gibt es f\u00fcr BAUR den begehrten \\\"German Brand Award 2017\\\"? - Magazin f\u00fcr Vermieter\",\"isPartOf\":{\"@id\":\"https:\/\/www.miet-check.de\/Mietblog\/#website\"},\"primaryImageOfPage\":{\"@id\":\"https:\/\/www.miet-check.de\/Mietblog\/2017\/06\/26\/pressemitteilung-die-nerven-liegen-blank-gibt-es-fuer-baur-den-begehrten-german-brand-award-2017\/#primaryimage\"},\"image\":{\"@id\":\"https:\/\/www.miet-check.de\/Mietblog\/2017\/06\/26\/pressemitteilung-die-nerven-liegen-blank-gibt-es-fuer-baur-den-begehrten-german-brand-award-2017\/#primaryimage\"},\"thumbnailUrl\":\"\",\"datePublished\":\"2017-06-26T17:56:08+00:00\",\"author\":{\"@id\":\"https:\/\/www.miet-check.de\/Mietblog\/#\/schema\/person\/f6b99f199b07857a56ba6355973ec2c6\"},\"breadcrumb\":{\"@id\":\"https:\/\/www.miet-check.de\/Mietblog\/2017\/06\/26\/pressemitteilung-die-nerven-liegen-blank-gibt-es-fuer-baur-den-begehrten-german-brand-award-2017\/#breadcrumb\"},\"inLanguage\":\"de\",\"potentialAction\":[{\"@type\":\"ReadAction\",\"target\":[\"https:\/\/www.miet-check.de\/Mietblog\/2017\/06\/26\/pressemitteilung-die-nerven-liegen-blank-gibt-es-fuer-baur-den-begehrten-german-brand-award-2017\/\"]}]},{\"@type\":\"ImageObject\",\"inLanguage\":\"de\",\"@id\":\"https:\/\/www.miet-check.de\/Mietblog\/2017\/06\/26\/pressemitteilung-die-nerven-liegen-blank-gibt-es-fuer-baur-den-begehrten-german-brand-award-2017\/#primaryimage\",\"url\":\"\",\"contentUrl\":\"\"},{\"@type\":\"BreadcrumbList\",\"@id\":\"https:\/\/www.miet-check.de\/Mietblog\/2017\/06\/26\/pressemitteilung-die-nerven-liegen-blank-gibt-es-fuer-baur-den-begehrten-german-brand-award-2017\/#breadcrumb\",\"itemListElement\":[{\"@type\":\"ListItem\",\"position\":1,\"name\":\"Startseite\",\"item\":\"https:\/\/www.miet-check.de\/Mietblog\/\"},{\"@type\":\"ListItem\",\"position\":2,\"name\":\"Pressemitteilung &#8211; Die Nerven liegen blank: Gibt es f\u00fcr BAUR den begehrten &#8222;German Brand Award 2017&#8220;?\"}]},{\"@type\":\"WebSite\",\"@id\":\"https:\/\/www.miet-check.de\/Mietblog\/#website\",\"url\":\"https:\/\/www.miet-check.de\/Mietblog\/\",\"name\":\"Magazin f\u00fcr Vermieter\",\"description\":\"Mietpreise, Mietrecht, Mieterh\u00f6hung und vieles mehr...\",\"potentialAction\":[{\"@type\":\"SearchAction\",\"target\":{\"@type\":\"EntryPoint\",\"urlTemplate\":\"https:\/\/www.miet-check.de\/Mietblog\/?s={search_term_string}\"},\"query-input\":{\"@type\":\"PropertyValueSpecification\",\"valueRequired\":true,\"valueName\":\"search_term_string\"}}],\"inLanguage\":\"de\"},{\"@type\":\"Person\",\"@id\":\"https:\/\/www.miet-check.de\/Mietblog\/#\/schema\/person\/f6b99f199b07857a56ba6355973ec2c6\",\"name\":\"Jochen\",\"image\":{\"@type\":\"ImageObject\",\"inLanguage\":\"de\",\"@id\":\"https:\/\/secure.gravatar.com\/avatar\/1e725b4ceb701c169d6bf0c05c82a79e794268280a82b1454fb7af6156dd02cc?s=96&d=mm&r=g\",\"url\":\"https:\/\/secure.gravatar.com\/avatar\/1e725b4ceb701c169d6bf0c05c82a79e794268280a82b1454fb7af6156dd02cc?s=96&d=mm&r=g\",\"contentUrl\":\"https:\/\/secure.gravatar.com\/avatar\/1e725b4ceb701c169d6bf0c05c82a79e794268280a82b1454fb7af6156dd02cc?s=96&d=mm&r=g\",\"caption\":\"Jochen\"},\"url\":\"https:\/\/www.miet-check.de\/Mietblog\/author\/admin\/\"}]}<\/script>\n<!-- \/ Yoast SEO plugin. -->","yoast_head_json":{"title":"Pressemitteilung - Die Nerven liegen blank: Gibt es f\u00fcr BAUR den begehrten \"German Brand Award 2017\"? - Magazin f\u00fcr Vermieter","robots":{"index":"index","follow":"follow","max-snippet":"max-snippet:-1","max-image-preview":"max-image-preview:large","max-video-preview":"max-video-preview:-1"},"canonical":"https:\/\/www.miet-check.de\/Mietblog\/2017\/06\/26\/pressemitteilung-die-nerven-liegen-blank-gibt-es-fuer-baur-den-begehrten-german-brand-award-2017\/","og_locale":"de_DE","og_type":"article","og_title":"Pressemitteilung - Die Nerven liegen blank: Gibt es f\u00fcr BAUR den begehrten \"German Brand Award 2017\"? - Magazin f\u00fcr Vermieter","og_description":"(lifepr) H\u00f6chenschwand, 26.06.2017 &#8211; BAUR WohnFaszination informiert: Die Koffer sind gepackt und die Spannung steigt. Naja, eigentlich liegen die Nerven bereits seit &hellip;","og_url":"https:\/\/www.miet-check.de\/Mietblog\/2017\/06\/26\/pressemitteilung-die-nerven-liegen-blank-gibt-es-fuer-baur-den-begehrten-german-brand-award-2017\/","og_site_name":"Magazin f\u00fcr Vermieter","article_published_time":"2017-06-26T17:56:08+00:00","author":"Jochen","twitter_card":"summary_large_image","twitter_misc":{"Verfasst von":"Jochen","Gesch\u00e4tzte Lesezeit":"2\u00a0Minuten"},"schema":{"@context":"https:\/\/schema.org","@graph":[{"@type":"NewsArticle","@id":"https:\/\/www.miet-check.de\/Mietblog\/2017\/06\/26\/pressemitteilung-die-nerven-liegen-blank-gibt-es-fuer-baur-den-begehrten-german-brand-award-2017\/#article","isPartOf":{"@id":"https:\/\/www.miet-check.de\/Mietblog\/2017\/06\/26\/pressemitteilung-die-nerven-liegen-blank-gibt-es-fuer-baur-den-begehrten-german-brand-award-2017\/"},"author":{"name":"Jochen","@id":"https:\/\/www.miet-check.de\/Mietblog\/#\/schema\/person\/f6b99f199b07857a56ba6355973ec2c6"},"headline":"Pressemitteilung &#8211; Die Nerven liegen blank: Gibt es f\u00fcr BAUR den begehrten &#8222;German Brand Award 2017&#8220;?","datePublished":"2017-06-26T17:56:08+00:00","mainEntityOfPage":{"@id":"https:\/\/www.miet-check.de\/Mietblog\/2017\/06\/26\/pressemitteilung-die-nerven-liegen-blank-gibt-es-fuer-baur-den-begehrten-german-brand-award-2017\/"},"wordCount":422,"commentCount":0,"image":{"@id":"https:\/\/www.miet-check.de\/Mietblog\/2017\/06\/26\/pressemitteilung-die-nerven-liegen-blank-gibt-es-fuer-baur-den-begehrten-german-brand-award-2017\/#primaryimage"},"thumbnailUrl":"","articleSection":["Pressemitteilung \/ Pressemeldung"],"inLanguage":"de","potentialAction":[{"@type":"CommentAction","name":"Comment","target":["https:\/\/www.miet-check.de\/Mietblog\/2017\/06\/26\/pressemitteilung-die-nerven-liegen-blank-gibt-es-fuer-baur-den-begehrten-german-brand-award-2017\/#respond"]}],"dateModified":"2017-06-26T19:56:08+02:00"},{"@type":"WebPage","@id":"https:\/\/www.miet-check.de\/Mietblog\/2017\/06\/26\/pressemitteilung-die-nerven-liegen-blank-gibt-es-fuer-baur-den-begehrten-german-brand-award-2017\/","url":"https:\/\/www.miet-check.de\/Mietblog\/2017\/06\/26\/pressemitteilung-die-nerven-liegen-blank-gibt-es-fuer-baur-den-begehrten-german-brand-award-2017\/","name":"Pressemitteilung - Die Nerven liegen blank: Gibt es f\u00fcr BAUR den begehrten \"German Brand Award 2017\"? - Magazin f\u00fcr Vermieter","isPartOf":{"@id":"https:\/\/www.miet-check.de\/Mietblog\/#website"},"primaryImageOfPage":{"@id":"https:\/\/www.miet-check.de\/Mietblog\/2017\/06\/26\/pressemitteilung-die-nerven-liegen-blank-gibt-es-fuer-baur-den-begehrten-german-brand-award-2017\/#primaryimage"},"image":{"@id":"https:\/\/www.miet-check.de\/Mietblog\/2017\/06\/26\/pressemitteilung-die-nerven-liegen-blank-gibt-es-fuer-baur-den-begehrten-german-brand-award-2017\/#primaryimage"},"thumbnailUrl":"","datePublished":"2017-06-26T17:56:08+00:00","author":{"@id":"https:\/\/www.miet-check.de\/Mietblog\/#\/schema\/person\/f6b99f199b07857a56ba6355973ec2c6"},"breadcrumb":{"@id":"https:\/\/www.miet-check.de\/Mietblog\/2017\/06\/26\/pressemitteilung-die-nerven-liegen-blank-gibt-es-fuer-baur-den-begehrten-german-brand-award-2017\/#breadcrumb"},"inLanguage":"de","potentialAction":[{"@type":"ReadAction","target":["https:\/\/www.miet-check.de\/Mietblog\/2017\/06\/26\/pressemitteilung-die-nerven-liegen-blank-gibt-es-fuer-baur-den-begehrten-german-brand-award-2017\/"]}]},{"@type":"ImageObject","inLanguage":"de","@id":"https:\/\/www.miet-check.de\/Mietblog\/2017\/06\/26\/pressemitteilung-die-nerven-liegen-blank-gibt-es-fuer-baur-den-begehrten-german-brand-award-2017\/#primaryimage","url":"","contentUrl":""},{"@type":"BreadcrumbList","@id":"https:\/\/www.miet-check.de\/Mietblog\/2017\/06\/26\/pressemitteilung-die-nerven-liegen-blank-gibt-es-fuer-baur-den-begehrten-german-brand-award-2017\/#breadcrumb","itemListElement":[{"@type":"ListItem","position":1,"name":"Startseite","item":"https:\/\/www.miet-check.de\/Mietblog\/"},{"@type":"ListItem","position":2,"name":"Pressemitteilung &#8211; Die Nerven liegen blank: Gibt es f\u00fcr BAUR den begehrten &#8222;German Brand Award 2017&#8220;?"}]},{"@type":"WebSite","@id":"https:\/\/www.miet-check.de\/Mietblog\/#website","url":"https:\/\/www.miet-check.de\/Mietblog\/","name":"Magazin f\u00fcr Vermieter","description":"Mietpreise, Mietrecht, Mieterh\u00f6hung und vieles mehr...","potentialAction":[{"@type":"SearchAction","target":{"@type":"EntryPoint","urlTemplate":"https:\/\/www.miet-check.de\/Mietblog\/?s={search_term_string}"},"query-input":{"@type":"PropertyValueSpecification","valueRequired":true,"valueName":"search_term_string"}}],"inLanguage":"de"},{"@type":"Person","@id":"https:\/\/www.miet-check.de\/Mietblog\/#\/schema\/person\/f6b99f199b07857a56ba6355973ec2c6","name":"Jochen","image":{"@type":"ImageObject","inLanguage":"de","@id":"https:\/\/secure.gravatar.com\/avatar\/1e725b4ceb701c169d6bf0c05c82a79e794268280a82b1454fb7af6156dd02cc?s=96&d=mm&r=g","url":"https:\/\/secure.gravatar.com\/avatar\/1e725b4ceb701c169d6bf0c05c82a79e794268280a82b1454fb7af6156dd02cc?s=96&d=mm&r=g","contentUrl":"https:\/\/secure.gravatar.com\/avatar\/1e725b4ceb701c169d6bf0c05c82a79e794268280a82b1454fb7af6156dd02cc?s=96&d=mm&r=g","caption":"Jochen"},"url":"https:\/\/www.miet-check.de\/Mietblog\/author\/admin\/"}]}},"_links":{"self":[{"href":"https:\/\/www.miet-check.de\/Mietblog\/wp-json\/wp\/v2\/posts\/2356","targetHints":{"allow":["GET"]}}],"collection":[{"href":"https:\/\/www.miet-check.de\/Mietblog\/wp-json\/wp\/v2\/posts"}],"about":[{"href":"https:\/\/www.miet-check.de\/Mietblog\/wp-json\/wp\/v2\/types\/post"}],"author":[{"embeddable":true,"href":"https:\/\/www.miet-check.de\/Mietblog\/wp-json\/wp\/v2\/users\/1"}],"replies":[{"embeddable":true,"href":"https:\/\/www.miet-check.de\/Mietblog\/wp-json\/wp\/v2\/comments?post=2356"}],"version-history":[{"count":0,"href":"https:\/\/www.miet-check.de\/Mietblog\/wp-json\/wp\/v2\/posts\/2356\/revisions"}],"wp:attachment":[{"href":"https:\/\/www.miet-check.de\/Mietblog\/wp-json\/wp\/v2\/media?parent=2356"}],"wp:term":[{"taxonomy":"category","embeddable":true,"href":"https:\/\/www.miet-check.de\/Mietblog\/wp-json\/wp\/v2\/categories?post=2356"},{"taxonomy":"post_tag","embeddable":true,"href":"https:\/\/www.miet-check.de\/Mietblog\/wp-json\/wp\/v2\/tags?post=2356"}],"curies":[{"name":"wp","href":"https:\/\/api.w.org\/{rel}","templated":true}]}}