{"id":30605,"date":"2021-04-15T10:38:52","date_gmt":"2021-04-15T08:38:52","guid":{"rendered":"https:\/\/www.miet-check.de\/Mietblog\/2021\/04\/15\/pressemitteilung-berliner-mietendeckel-ist-verfassungswidrig-deutschland-braucht-einen-echten-konsens-fuer-mehr-bezahlbaren-wohnraum\/"},"modified":"2021-04-15T10:38:52","modified_gmt":"2021-04-15T08:38:52","slug":"pressemitteilung-berliner-mietendeckel-ist-verfassungswidrig-deutschland-braucht-einen-echten-konsens-fuer-mehr-bezahlbaren-wohnraum","status":"publish","type":"post","link":"https:\/\/www.miet-check.de\/Mietblog\/2021\/04\/15\/pressemitteilung-berliner-mietendeckel-ist-verfassungswidrig-deutschland-braucht-einen-echten-konsens-fuer-mehr-bezahlbaren-wohnraum\/","title":{"rendered":"Pressemitteilung &#8211; Berliner Mietendeckel ist verfassungswidrig &#8211; Deutschland braucht einen echten Konsens f\u00fcr mehr bezahlbaren Wohnraum"},"content":{"rendered":"<p>Berlin, 15.04.2021 (lifePR) &#8211; Das Bundesverfassungsgericht hat heute entschieden, dass der umstrittene Berliner Mietendeckel verfassungswidrig ist. Mit dem bundesweit einmaligen Mietendeckel wollte der rot-rot-gr\u00fcne Berliner Senat den Anstieg der Mieten in der Hauptstadt bremsen. Mit seiner Entscheidung stellt das Bundesverfassungsgericht nun klar, dass das Land Berlin mit dem Mietendeckelgesetz seine Befugnisse \u00fcberschritten hat. \u201eWir begr\u00fc\u00dfen das Urteil und sind sehr erleichtert, dass das oberste Verfassungsgericht unsere Rechtsauffassung teilt und den sogenannten Mietendeckel in Berlin f\u00fcr verfassungswidrig erkl\u00e4rt hat. Das ist ein guter Tag f\u00fcr den Erhalt der Glaubw\u00fcrdigkeit unseres Rechtsstaates\u201c, sagt Axel Gedaschko, Pr\u00e4sident des Spitzenverbandes der Wohnungswirtschaft GdW, zu der Entscheidung.<\/p>\n<p>\u201eWas Deutschland jetzt braucht, ist ein echter Konsens f\u00fcr das gemeinsame Schaffen von mehr bezahlbaren Wohnungen. Die Zeit des Gegeneinanders ist vorbei\u201c, sagt Axel Gedaschko. Die Probleme auf Deutschlands Wohnungsm\u00e4rkten k\u00f6nnen aus Sicht der Wohnungswirtschaft nur durch mehr Zusammenarbeit in einem effektiven B\u00fcndnis f\u00fcr den Bau und Erhalt von bezahlbarem Wohnraum gel\u00f6st werden und nicht durch ein l\u00e4hmendes Gegeneinander.\u00a0<\/p>\n<p>Seit dem 23. Februar 2020 sind die Mieten f\u00fcr 1,5 Millionen Wohnungen in Berlin durch den Mietendeckel auf dem Stand vom Juni 2019 eingefroren. Ab 2022 sollten sie h\u00f6chstens um 1,3 Prozent j\u00e4hrlich steigen d\u00fcrfen. Wenn eine Wohnung wiedervermietet wird, h\u00e4tten Vermieter dann vom Staat festgelegte Obergrenzen und die zuletzt verlangte Miete einhalten m\u00fcssen. Zum 23. November 2020 war bereits die zweite Stufe des Mietendeckels in Kraft getreten, die Mieten von mehr als 20 Prozent \u00fcber den Obergrenzen verbot.<\/p>\n<p>\u201eDie Entscheidung stellt unmissverst\u00e4ndlich klar, dass sich der Senat und die Mehrheit des Parlaments von Berlin \u00fcber die Zust\u00e4ndigkeiten unseres Staatsrechts hinweggesetzt haben\u201c, sagt GdW-Pr\u00e4sident Axel Gedaschko. Das hat ein Gutachten des fr\u00fcheren Pr\u00e4sidenten des Bundesverfassungsgerichts, Prof. Hans-J\u00fcrgen Papier,\u00a0bereits 2019 klar zum Ausdruck gebracht. Die Wohnungswirtschaft begr\u00fc\u00dft deshalb, dass nach der heutigen Entscheidung die rechtlichen Rahmenbedingungen in Deutschland f\u00fcr Mieter und Vermieter weiterhin verl\u00e4sslich sind und hoffentlich auch bleiben.<\/p>\n<p>Der Mietendeckel hatte Vermieter und Mieter im Laufe des vergangenen Jahres in eine rechtunsichere Situation gebracht. F\u00fcr den Fall einer m\u00f6glichen und nun eingetretenen Verfassungswidrigkeit des Landesmietendeckels riet sogar die damals zust\u00e4ndige Senatorin, Katrin Lompscher (Die Linke), die Mieter sollten vorsichtshalber das durch die erzwungene Mietreduzierung eingesparte Geld besser zur\u00fccklegen.<\/p>\n<p>Als Investitionsbremse schadet der Mietendeckel denjenigen, die ihre Wohnquartiere sozial orientiert pflegen und ebenso denjenigen, die bezahlbaren Wohnraum suchen. Das belegen ein sinkendes Wohnungsangebot in der Hauptstadt und sinkende Investitionsplanungen bereits jetzt eindeutig. \u201eDer Mietendeckel ist und bleibt ein Mietenexperiment ohne Zukunft\u201c, sagt Axel Gedaschko. Das gilt angesichts der negativen Auswirkungen in Berlin umso mehr f\u00fcr entsprechende \u00dcberlegungen auf Bundesebene. Der Bund und das Land Berlin t\u00e4ten gut daran, ihre Ressourcen auf das einzig funktionierende Instrument zu konzentrieren: mehr und bezahlbaren Neubau zu erm\u00f6glichen. Denn bezahlbares Wohnen braucht eine starke Wohnraumf\u00f6rderung und schnelleres, einfacheres und kosteng\u00fcnstigeres Bauen \u2013 und nicht noch mehr Regulierung.<\/p>\n<p><strong>Unternehmen<br \/><\/strong>GdW Bundesverband deutscher Wohnungs- und Immobilienunternehmen e.V.<\/p>\n<p><a target='_blank' href='https:\/\/www.lifepr.de\/inaktiv\/gdw-bundesverband-deutscher-wohnungs-und-immobilienunternehmen-ev\/Berliner-Mietendeckel-ist-verfassungswidrig-Deutschland-braucht-einen-echten-Konsens-fuer-mehr-bezahlbaren-Wohnraum\/boxid\/843556' rel=\"noopener\">Zur Pressemitteilung auf LifePR.de<\/a>&lt;br \/<\/p>\n<div style=\"margin-top: 0px; margin-bottom: 0px;\" class=\"sharethis-inline-follow-buttons\" ><\/div>","protected":false},"excerpt":{"rendered":"<p>Berlin, 15.04.2021 (lifePR) &#8211; Das Bundesverfassungsgericht hat heute entschieden, dass der umstrittene Berliner Mietendeckel verfassungswidrig ist. Mit dem bundesweit einmaligen Mietendeckel wollte der rot-rot-gr\u00fcne Berliner Senat den Anstieg der Mieten &hellip; <\/p>\n","protected":false},"author":1,"featured_media":0,"comment_status":"open","ping_status":"open","sticky":false,"template":"","format":"standard","meta":{"footnotes":""},"categories":[431],"tags":[],"class_list":["post-30605","post","type-post","status-publish","format-standard","hentry","category-pressemitteilung-pressemeldung"],"yoast_head":"<!-- This site is optimized with the Yoast SEO plugin v27.2 - https:\/\/yoast.com\/product\/yoast-seo-wordpress\/ -->\n<title>Pressemitteilung - Berliner Mietendeckel ist verfassungswidrig - Deutschland braucht einen echten Konsens f\u00fcr mehr bezahlbaren Wohnraum - Magazin f\u00fcr Vermieter<\/title>\n<meta name=\"robots\" content=\"index, follow, max-snippet:-1, max-image-preview:large, max-video-preview:-1\" \/>\n<link rel=\"canonical\" href=\"https:\/\/www.miet-check.de\/Mietblog\/2021\/04\/15\/pressemitteilung-berliner-mietendeckel-ist-verfassungswidrig-deutschland-braucht-einen-echten-konsens-fuer-mehr-bezahlbaren-wohnraum\/\" \/>\n<meta property=\"og:locale\" content=\"de_DE\" \/>\n<meta property=\"og:type\" content=\"article\" \/>\n<meta property=\"og:title\" content=\"Pressemitteilung - Berliner Mietendeckel ist verfassungswidrig - Deutschland braucht einen echten Konsens f\u00fcr mehr bezahlbaren Wohnraum - Magazin f\u00fcr Vermieter\" \/>\n<meta property=\"og:description\" content=\"Berlin, 15.04.2021 (lifePR) &#8211; Das Bundesverfassungsgericht hat heute entschieden, dass der umstrittene Berliner Mietendeckel verfassungswidrig ist. Mit dem bundesweit einmaligen Mietendeckel wollte der rot-rot-gr\u00fcne Berliner Senat den Anstieg der Mieten &hellip;\" \/>\n<meta property=\"og:url\" content=\"https:\/\/www.miet-check.de\/Mietblog\/2021\/04\/15\/pressemitteilung-berliner-mietendeckel-ist-verfassungswidrig-deutschland-braucht-einen-echten-konsens-fuer-mehr-bezahlbaren-wohnraum\/\" \/>\n<meta property=\"og:site_name\" content=\"Magazin f\u00fcr Vermieter\" \/>\n<meta property=\"article:published_time\" content=\"2021-04-15T08:38:52+00:00\" \/>\n<meta name=\"author\" content=\"Jochen\" \/>\n<meta name=\"twitter:card\" content=\"summary_large_image\" \/>\n<meta name=\"twitter:label1\" content=\"Verfasst von\" \/>\n\t<meta name=\"twitter:data1\" content=\"Jochen\" \/>\n\t<meta name=\"twitter:label2\" content=\"Gesch\u00e4tzte Lesezeit\" \/>\n\t<meta name=\"twitter:data2\" content=\"3\u00a0Minuten\" \/>\n<script type=\"application\/ld+json\" class=\"yoast-schema-graph\">{\"@context\":\"https:\/\/schema.org\",\"@graph\":[{\"@type\":\"Article\",\"@id\":\"https:\/\/www.miet-check.de\/Mietblog\/2021\/04\/15\/pressemitteilung-berliner-mietendeckel-ist-verfassungswidrig-deutschland-braucht-einen-echten-konsens-fuer-mehr-bezahlbaren-wohnraum\/#article\",\"isPartOf\":{\"@id\":\"https:\/\/www.miet-check.de\/Mietblog\/2021\/04\/15\/pressemitteilung-berliner-mietendeckel-ist-verfassungswidrig-deutschland-braucht-einen-echten-konsens-fuer-mehr-bezahlbaren-wohnraum\/\"},\"author\":{\"name\":\"Jochen\",\"@id\":\"https:\/\/www.miet-check.de\/Mietblog\/#\/schema\/person\/f6b99f199b07857a56ba6355973ec2c6\"},\"headline\":\"Pressemitteilung &#8211; Berliner Mietendeckel ist verfassungswidrig &#8211; Deutschland braucht einen echten Konsens f\u00fcr mehr bezahlbaren Wohnraum\",\"datePublished\":\"2021-04-15T08:38:52+00:00\",\"mainEntityOfPage\":{\"@id\":\"https:\/\/www.miet-check.de\/Mietblog\/2021\/04\/15\/pressemitteilung-berliner-mietendeckel-ist-verfassungswidrig-deutschland-braucht-einen-echten-konsens-fuer-mehr-bezahlbaren-wohnraum\/\"},\"wordCount\":522,\"commentCount\":0,\"articleSection\":[\"Pressemitteilung \/ Pressemeldung\"],\"inLanguage\":\"de\",\"potentialAction\":[{\"@type\":\"CommentAction\",\"name\":\"Comment\",\"target\":[\"https:\/\/www.miet-check.de\/Mietblog\/2021\/04\/15\/pressemitteilung-berliner-mietendeckel-ist-verfassungswidrig-deutschland-braucht-einen-echten-konsens-fuer-mehr-bezahlbaren-wohnraum\/#respond\"]}]},{\"@type\":\"WebPage\",\"@id\":\"https:\/\/www.miet-check.de\/Mietblog\/2021\/04\/15\/pressemitteilung-berliner-mietendeckel-ist-verfassungswidrig-deutschland-braucht-einen-echten-konsens-fuer-mehr-bezahlbaren-wohnraum\/\",\"url\":\"https:\/\/www.miet-check.de\/Mietblog\/2021\/04\/15\/pressemitteilung-berliner-mietendeckel-ist-verfassungswidrig-deutschland-braucht-einen-echten-konsens-fuer-mehr-bezahlbaren-wohnraum\/\",\"name\":\"Pressemitteilung - Berliner Mietendeckel ist verfassungswidrig - Deutschland braucht einen echten Konsens f\u00fcr mehr bezahlbaren Wohnraum - Magazin f\u00fcr Vermieter\",\"isPartOf\":{\"@id\":\"https:\/\/www.miet-check.de\/Mietblog\/#website\"},\"datePublished\":\"2021-04-15T08:38:52+00:00\",\"author\":{\"@id\":\"https:\/\/www.miet-check.de\/Mietblog\/#\/schema\/person\/f6b99f199b07857a56ba6355973ec2c6\"},\"breadcrumb\":{\"@id\":\"https:\/\/www.miet-check.de\/Mietblog\/2021\/04\/15\/pressemitteilung-berliner-mietendeckel-ist-verfassungswidrig-deutschland-braucht-einen-echten-konsens-fuer-mehr-bezahlbaren-wohnraum\/#breadcrumb\"},\"inLanguage\":\"de\",\"potentialAction\":[{\"@type\":\"ReadAction\",\"target\":[\"https:\/\/www.miet-check.de\/Mietblog\/2021\/04\/15\/pressemitteilung-berliner-mietendeckel-ist-verfassungswidrig-deutschland-braucht-einen-echten-konsens-fuer-mehr-bezahlbaren-wohnraum\/\"]}]},{\"@type\":\"BreadcrumbList\",\"@id\":\"https:\/\/www.miet-check.de\/Mietblog\/2021\/04\/15\/pressemitteilung-berliner-mietendeckel-ist-verfassungswidrig-deutschland-braucht-einen-echten-konsens-fuer-mehr-bezahlbaren-wohnraum\/#breadcrumb\",\"itemListElement\":[{\"@type\":\"ListItem\",\"position\":1,\"name\":\"Startseite\",\"item\":\"https:\/\/www.miet-check.de\/Mietblog\/\"},{\"@type\":\"ListItem\",\"position\":2,\"name\":\"Pressemitteilung &#8211; Berliner Mietendeckel ist verfassungswidrig &#8211; Deutschland braucht einen echten Konsens f\u00fcr mehr bezahlbaren Wohnraum\"}]},{\"@type\":\"WebSite\",\"@id\":\"https:\/\/www.miet-check.de\/Mietblog\/#website\",\"url\":\"https:\/\/www.miet-check.de\/Mietblog\/\",\"name\":\"Magazin f\u00fcr Vermieter\",\"description\":\"Mietpreise, Mietrecht, Mieterh\u00f6hung und vieles mehr...\",\"potentialAction\":[{\"@type\":\"SearchAction\",\"target\":{\"@type\":\"EntryPoint\",\"urlTemplate\":\"https:\/\/www.miet-check.de\/Mietblog\/?s={search_term_string}\"},\"query-input\":{\"@type\":\"PropertyValueSpecification\",\"valueRequired\":true,\"valueName\":\"search_term_string\"}}],\"inLanguage\":\"de\"},{\"@type\":\"Person\",\"@id\":\"https:\/\/www.miet-check.de\/Mietblog\/#\/schema\/person\/f6b99f199b07857a56ba6355973ec2c6\",\"name\":\"Jochen\",\"image\":{\"@type\":\"ImageObject\",\"inLanguage\":\"de\",\"@id\":\"https:\/\/secure.gravatar.com\/avatar\/1e725b4ceb701c169d6bf0c05c82a79e794268280a82b1454fb7af6156dd02cc?s=96&d=mm&r=g\",\"url\":\"https:\/\/secure.gravatar.com\/avatar\/1e725b4ceb701c169d6bf0c05c82a79e794268280a82b1454fb7af6156dd02cc?s=96&d=mm&r=g\",\"contentUrl\":\"https:\/\/secure.gravatar.com\/avatar\/1e725b4ceb701c169d6bf0c05c82a79e794268280a82b1454fb7af6156dd02cc?s=96&d=mm&r=g\",\"caption\":\"Jochen\"},\"url\":\"https:\/\/www.miet-check.de\/Mietblog\/author\/admin\/\"}]}<\/script>\n<!-- \/ Yoast SEO plugin. -->","yoast_head_json":{"title":"Pressemitteilung - Berliner Mietendeckel ist verfassungswidrig - Deutschland braucht einen echten Konsens f\u00fcr mehr bezahlbaren Wohnraum - Magazin f\u00fcr Vermieter","robots":{"index":"index","follow":"follow","max-snippet":"max-snippet:-1","max-image-preview":"max-image-preview:large","max-video-preview":"max-video-preview:-1"},"canonical":"https:\/\/www.miet-check.de\/Mietblog\/2021\/04\/15\/pressemitteilung-berliner-mietendeckel-ist-verfassungswidrig-deutschland-braucht-einen-echten-konsens-fuer-mehr-bezahlbaren-wohnraum\/","og_locale":"de_DE","og_type":"article","og_title":"Pressemitteilung - Berliner Mietendeckel ist verfassungswidrig - Deutschland braucht einen echten Konsens f\u00fcr mehr bezahlbaren Wohnraum - Magazin f\u00fcr Vermieter","og_description":"Berlin, 15.04.2021 (lifePR) &#8211; Das Bundesverfassungsgericht hat heute entschieden, dass der umstrittene Berliner Mietendeckel verfassungswidrig ist. Mit dem bundesweit einmaligen Mietendeckel wollte der rot-rot-gr\u00fcne Berliner Senat den Anstieg der Mieten &hellip;","og_url":"https:\/\/www.miet-check.de\/Mietblog\/2021\/04\/15\/pressemitteilung-berliner-mietendeckel-ist-verfassungswidrig-deutschland-braucht-einen-echten-konsens-fuer-mehr-bezahlbaren-wohnraum\/","og_site_name":"Magazin f\u00fcr Vermieter","article_published_time":"2021-04-15T08:38:52+00:00","author":"Jochen","twitter_card":"summary_large_image","twitter_misc":{"Verfasst von":"Jochen","Gesch\u00e4tzte Lesezeit":"3\u00a0Minuten"},"schema":{"@context":"https:\/\/schema.org","@graph":[{"@type":"Article","@id":"https:\/\/www.miet-check.de\/Mietblog\/2021\/04\/15\/pressemitteilung-berliner-mietendeckel-ist-verfassungswidrig-deutschland-braucht-einen-echten-konsens-fuer-mehr-bezahlbaren-wohnraum\/#article","isPartOf":{"@id":"https:\/\/www.miet-check.de\/Mietblog\/2021\/04\/15\/pressemitteilung-berliner-mietendeckel-ist-verfassungswidrig-deutschland-braucht-einen-echten-konsens-fuer-mehr-bezahlbaren-wohnraum\/"},"author":{"name":"Jochen","@id":"https:\/\/www.miet-check.de\/Mietblog\/#\/schema\/person\/f6b99f199b07857a56ba6355973ec2c6"},"headline":"Pressemitteilung &#8211; Berliner Mietendeckel ist verfassungswidrig &#8211; Deutschland braucht einen echten Konsens f\u00fcr mehr bezahlbaren Wohnraum","datePublished":"2021-04-15T08:38:52+00:00","mainEntityOfPage":{"@id":"https:\/\/www.miet-check.de\/Mietblog\/2021\/04\/15\/pressemitteilung-berliner-mietendeckel-ist-verfassungswidrig-deutschland-braucht-einen-echten-konsens-fuer-mehr-bezahlbaren-wohnraum\/"},"wordCount":522,"commentCount":0,"articleSection":["Pressemitteilung \/ Pressemeldung"],"inLanguage":"de","potentialAction":[{"@type":"CommentAction","name":"Comment","target":["https:\/\/www.miet-check.de\/Mietblog\/2021\/04\/15\/pressemitteilung-berliner-mietendeckel-ist-verfassungswidrig-deutschland-braucht-einen-echten-konsens-fuer-mehr-bezahlbaren-wohnraum\/#respond"]}]},{"@type":"WebPage","@id":"https:\/\/www.miet-check.de\/Mietblog\/2021\/04\/15\/pressemitteilung-berliner-mietendeckel-ist-verfassungswidrig-deutschland-braucht-einen-echten-konsens-fuer-mehr-bezahlbaren-wohnraum\/","url":"https:\/\/www.miet-check.de\/Mietblog\/2021\/04\/15\/pressemitteilung-berliner-mietendeckel-ist-verfassungswidrig-deutschland-braucht-einen-echten-konsens-fuer-mehr-bezahlbaren-wohnraum\/","name":"Pressemitteilung - Berliner Mietendeckel ist verfassungswidrig - Deutschland braucht einen echten Konsens f\u00fcr mehr bezahlbaren Wohnraum - Magazin f\u00fcr Vermieter","isPartOf":{"@id":"https:\/\/www.miet-check.de\/Mietblog\/#website"},"datePublished":"2021-04-15T08:38:52+00:00","author":{"@id":"https:\/\/www.miet-check.de\/Mietblog\/#\/schema\/person\/f6b99f199b07857a56ba6355973ec2c6"},"breadcrumb":{"@id":"https:\/\/www.miet-check.de\/Mietblog\/2021\/04\/15\/pressemitteilung-berliner-mietendeckel-ist-verfassungswidrig-deutschland-braucht-einen-echten-konsens-fuer-mehr-bezahlbaren-wohnraum\/#breadcrumb"},"inLanguage":"de","potentialAction":[{"@type":"ReadAction","target":["https:\/\/www.miet-check.de\/Mietblog\/2021\/04\/15\/pressemitteilung-berliner-mietendeckel-ist-verfassungswidrig-deutschland-braucht-einen-echten-konsens-fuer-mehr-bezahlbaren-wohnraum\/"]}]},{"@type":"BreadcrumbList","@id":"https:\/\/www.miet-check.de\/Mietblog\/2021\/04\/15\/pressemitteilung-berliner-mietendeckel-ist-verfassungswidrig-deutschland-braucht-einen-echten-konsens-fuer-mehr-bezahlbaren-wohnraum\/#breadcrumb","itemListElement":[{"@type":"ListItem","position":1,"name":"Startseite","item":"https:\/\/www.miet-check.de\/Mietblog\/"},{"@type":"ListItem","position":2,"name":"Pressemitteilung &#8211; Berliner Mietendeckel ist verfassungswidrig &#8211; Deutschland braucht einen echten Konsens f\u00fcr mehr bezahlbaren Wohnraum"}]},{"@type":"WebSite","@id":"https:\/\/www.miet-check.de\/Mietblog\/#website","url":"https:\/\/www.miet-check.de\/Mietblog\/","name":"Magazin f\u00fcr Vermieter","description":"Mietpreise, Mietrecht, Mieterh\u00f6hung und vieles mehr...","potentialAction":[{"@type":"SearchAction","target":{"@type":"EntryPoint","urlTemplate":"https:\/\/www.miet-check.de\/Mietblog\/?s={search_term_string}"},"query-input":{"@type":"PropertyValueSpecification","valueRequired":true,"valueName":"search_term_string"}}],"inLanguage":"de"},{"@type":"Person","@id":"https:\/\/www.miet-check.de\/Mietblog\/#\/schema\/person\/f6b99f199b07857a56ba6355973ec2c6","name":"Jochen","image":{"@type":"ImageObject","inLanguage":"de","@id":"https:\/\/secure.gravatar.com\/avatar\/1e725b4ceb701c169d6bf0c05c82a79e794268280a82b1454fb7af6156dd02cc?s=96&d=mm&r=g","url":"https:\/\/secure.gravatar.com\/avatar\/1e725b4ceb701c169d6bf0c05c82a79e794268280a82b1454fb7af6156dd02cc?s=96&d=mm&r=g","contentUrl":"https:\/\/secure.gravatar.com\/avatar\/1e725b4ceb701c169d6bf0c05c82a79e794268280a82b1454fb7af6156dd02cc?s=96&d=mm&r=g","caption":"Jochen"},"url":"https:\/\/www.miet-check.de\/Mietblog\/author\/admin\/"}]}},"_links":{"self":[{"href":"https:\/\/www.miet-check.de\/Mietblog\/wp-json\/wp\/v2\/posts\/30605","targetHints":{"allow":["GET"]}}],"collection":[{"href":"https:\/\/www.miet-check.de\/Mietblog\/wp-json\/wp\/v2\/posts"}],"about":[{"href":"https:\/\/www.miet-check.de\/Mietblog\/wp-json\/wp\/v2\/types\/post"}],"author":[{"embeddable":true,"href":"https:\/\/www.miet-check.de\/Mietblog\/wp-json\/wp\/v2\/users\/1"}],"replies":[{"embeddable":true,"href":"https:\/\/www.miet-check.de\/Mietblog\/wp-json\/wp\/v2\/comments?post=30605"}],"version-history":[{"count":0,"href":"https:\/\/www.miet-check.de\/Mietblog\/wp-json\/wp\/v2\/posts\/30605\/revisions"}],"wp:attachment":[{"href":"https:\/\/www.miet-check.de\/Mietblog\/wp-json\/wp\/v2\/media?parent=30605"}],"wp:term":[{"taxonomy":"category","embeddable":true,"href":"https:\/\/www.miet-check.de\/Mietblog\/wp-json\/wp\/v2\/categories?post=30605"},{"taxonomy":"post_tag","embeddable":true,"href":"https:\/\/www.miet-check.de\/Mietblog\/wp-json\/wp\/v2\/tags?post=30605"}],"curies":[{"name":"wp","href":"https:\/\/api.w.org\/{rel}","templated":true}]}}