{"id":31148,"date":"2021-05-03T10:47:41","date_gmt":"2021-05-03T08:47:41","guid":{"rendered":"https:\/\/www.miet-check.de\/Mietblog\/2021\/05\/03\/pressemitteilung-modulares-bauen-mit-der-perner-gmbh\/"},"modified":"2021-05-03T10:47:41","modified_gmt":"2021-05-03T08:47:41","slug":"pressemitteilung-modulares-bauen-mit-der-perner-gmbh","status":"publish","type":"post","link":"https:\/\/www.miet-check.de\/Mietblog\/2021\/05\/03\/pressemitteilung-modulares-bauen-mit-der-perner-gmbh\/","title":{"rendered":"Pressemitteilung &#8211; Modulares Bauen mit der Perner GmbH"},"content":{"rendered":"<p>Rosenheim, 03.05.2021 (lifePR) &#8211; Im Fr\u00fchjahr 2021 ver\u00f6ffentlicht unser Partnerunternehmen, die Perner GmbH, ihre aktuelle Brosch\u00fcre zu modularen Geb\u00e4udel\u00f6sungen im Gesundheitswesen. Um unseren Kund*innen in Zukunft eine noch schnellere und effizientere Umsetzung Ihrer Projekte bieten zu k\u00f6nnen, realisieren wir gemeinsam mit der Perner GmbH Modulbauten aus Holzst\u00e4nderbauweise.<\/p>\n<p>Das Einsatzspektrum dieser klimafreundlichen Bauweise erstreckt sich im Gesundheitssektor \u00fcber die Bereiche Diagnostik, Behandlung, OP\/Eingriff bis hin zu Personal.<\/p>\n<p>Aufgrund der Verwendung von ausgew\u00e4hlten nachhaltigen Materialien und der ganzheitlichen Betrachtung des Lebenszyklus, kann mithilfe dieser Geb\u00e4udel\u00f6sungen der \u00f6kologische Fu\u00dfabdruck der Geb\u00e4ude wesentlich verringert werden und mithilfe geeigneter Wiederverwendungs- bzw. Weiterverwendungsprozessen eine Endlagerung auf Deponien vermieden werden.<\/p>\n<p>Detaillierte Informationen zum modularen Bauen mit der Perner GmbH und die vollst\u00e4ndige Brosch\u00fcre finden Sie unter: <a href=\"https:\/\/www.perner-gmbh.com\/\">https:\/\/www.perner-gmbh.com\/<\/a><\/p>\n<p><strong>Unternehmen<br \/><\/strong>Perner Architekten &amp; Ingenieure<\/p>\n<p><a target='_blank' href='https:\/\/www.lifepr.de\/pressemitteilung\/perner-gmbh\/Modulares-Bauen-mit-der-Perner-GmbH\/boxid\/846082' rel=\"noopener\">Zur Pressemitteilung auf LifePR.de<\/a>&lt;br \/<\/p>\n<div style=\"margin-top: 0px; margin-bottom: 0px;\" class=\"sharethis-inline-follow-buttons\" ><\/div>","protected":false},"excerpt":{"rendered":"<p>Rosenheim, 03.05.2021 (lifePR) &#8211; Im Fr\u00fchjahr 2021 ver\u00f6ffentlicht unser Partnerunternehmen, die Perner GmbH, ihre aktuelle Brosch\u00fcre zu modularen Geb\u00e4udel\u00f6sungen im Gesundheitswesen. Um &hellip;<\/p>\n","protected":false},"author":1,"featured_media":2000000000,"comment_status":"open","ping_status":"open","sticky":false,"template":"","format":"standard","meta":{"_yoast_wpseo_focuskw":"","_yoast_wpseo_title":"","_yoast_wpseo_metadesc":"","footnotes":""},"categories":[431],"tags":[],"class_list":["post-31148","post","type-post","status-publish","format-standard","has-post-thumbnail","hentry","category-pressemitteilung-pressemeldung"],"yoast_head":"<!-- This site is optimized with the Yoast SEO plugin v27.2 - https:\/\/yoast.com\/product\/yoast-seo-wordpress\/ -->\n<title>Pressemitteilung - Modulares Bauen mit der Perner GmbH - Magazin f\u00fcr Vermieter<\/title>\n<meta name=\"robots\" content=\"index, follow, max-snippet:-1, max-image-preview:large, max-video-preview:-1\" \/>\n<link rel=\"canonical\" href=\"https:\/\/www.miet-check.de\/Mietblog\/2021\/05\/03\/pressemitteilung-modulares-bauen-mit-der-perner-gmbh\/\" \/>\n<meta property=\"og:locale\" content=\"de_DE\" \/>\n<meta property=\"og:type\" content=\"article\" \/>\n<meta property=\"og:title\" content=\"Pressemitteilung - Modulares Bauen mit der Perner GmbH - Magazin f\u00fcr Vermieter\" \/>\n<meta property=\"og:description\" content=\"Rosenheim, 03.05.2021 (lifePR) &#8211; Im Fr\u00fchjahr 2021 ver\u00f6ffentlicht unser Partnerunternehmen, die Perner GmbH, ihre aktuelle Brosch\u00fcre zu modularen Geb\u00e4udel\u00f6sungen im Gesundheitswesen. Um &hellip;\" \/>\n<meta property=\"og:url\" content=\"https:\/\/www.miet-check.de\/Mietblog\/2021\/05\/03\/pressemitteilung-modulares-bauen-mit-der-perner-gmbh\/\" \/>\n<meta property=\"og:site_name\" content=\"Magazin f\u00fcr Vermieter\" \/>\n<meta property=\"article:published_time\" content=\"2021-05-03T08:47:41+00:00\" \/>\n<meta name=\"author\" content=\"Jochen\" \/>\n<meta name=\"twitter:card\" content=\"summary_large_image\" \/>\n<meta name=\"twitter:label1\" content=\"Verfasst von\" \/>\n\t<meta name=\"twitter:data1\" content=\"Jochen\" \/>\n\t<meta name=\"twitter:label2\" content=\"Gesch\u00e4tzte Lesezeit\" \/>\n\t<meta name=\"twitter:data2\" content=\"1\u00a0Minute\" \/>\n<script type=\"application\/ld+json\" class=\"yoast-schema-graph\">{\"@context\":\"https:\/\/schema.org\",\"@graph\":[{\"@type\":\"NewsArticle\",\"@id\":\"https:\/\/www.miet-check.de\/Mietblog\/2021\/05\/03\/pressemitteilung-modulares-bauen-mit-der-perner-gmbh\/#article\",\"isPartOf\":{\"@id\":\"https:\/\/www.miet-check.de\/Mietblog\/2021\/05\/03\/pressemitteilung-modulares-bauen-mit-der-perner-gmbh\/\"},\"author\":{\"name\":\"Jochen\",\"@id\":\"https:\/\/www.miet-check.de\/Mietblog\/#\/schema\/person\/f6b99f199b07857a56ba6355973ec2c6\"},\"headline\":\"Pressemitteilung &#8211; Modulares Bauen mit der Perner GmbH\",\"datePublished\":\"2021-05-03T08:47:41+00:00\",\"mainEntityOfPage\":{\"@id\":\"https:\/\/www.miet-check.de\/Mietblog\/2021\/05\/03\/pressemitteilung-modulares-bauen-mit-der-perner-gmbh\/\"},\"wordCount\":157,\"commentCount\":0,\"image\":{\"@id\":\"https:\/\/www.miet-check.de\/Mietblog\/2021\/05\/03\/pressemitteilung-modulares-bauen-mit-der-perner-gmbh\/#primaryimage\"},\"thumbnailUrl\":\"\",\"articleSection\":[\"Pressemitteilung \/ Pressemeldung\"],\"inLanguage\":\"de\",\"potentialAction\":[{\"@type\":\"CommentAction\",\"name\":\"Comment\",\"target\":[\"https:\/\/www.miet-check.de\/Mietblog\/2021\/05\/03\/pressemitteilung-modulares-bauen-mit-der-perner-gmbh\/#respond\"]}],\"dateModified\":\"2021-05-03T10:47:41+02:00\"},{\"@type\":\"WebPage\",\"@id\":\"https:\/\/www.miet-check.de\/Mietblog\/2021\/05\/03\/pressemitteilung-modulares-bauen-mit-der-perner-gmbh\/\",\"url\":\"https:\/\/www.miet-check.de\/Mietblog\/2021\/05\/03\/pressemitteilung-modulares-bauen-mit-der-perner-gmbh\/\",\"name\":\"Pressemitteilung - Modulares Bauen mit der Perner GmbH - Magazin f\u00fcr Vermieter\",\"isPartOf\":{\"@id\":\"https:\/\/www.miet-check.de\/Mietblog\/#website\"},\"primaryImageOfPage\":{\"@id\":\"https:\/\/www.miet-check.de\/Mietblog\/2021\/05\/03\/pressemitteilung-modulares-bauen-mit-der-perner-gmbh\/#primaryimage\"},\"image\":{\"@id\":\"https:\/\/www.miet-check.de\/Mietblog\/2021\/05\/03\/pressemitteilung-modulares-bauen-mit-der-perner-gmbh\/#primaryimage\"},\"thumbnailUrl\":\"\",\"datePublished\":\"2021-05-03T08:47:41+00:00\",\"author\":{\"@id\":\"https:\/\/www.miet-check.de\/Mietblog\/#\/schema\/person\/f6b99f199b07857a56ba6355973ec2c6\"},\"breadcrumb\":{\"@id\":\"https:\/\/www.miet-check.de\/Mietblog\/2021\/05\/03\/pressemitteilung-modulares-bauen-mit-der-perner-gmbh\/#breadcrumb\"},\"inLanguage\":\"de\",\"potentialAction\":[{\"@type\":\"ReadAction\",\"target\":[\"https:\/\/www.miet-check.de\/Mietblog\/2021\/05\/03\/pressemitteilung-modulares-bauen-mit-der-perner-gmbh\/\"]}]},{\"@type\":\"ImageObject\",\"inLanguage\":\"de\",\"@id\":\"https:\/\/www.miet-check.de\/Mietblog\/2021\/05\/03\/pressemitteilung-modulares-bauen-mit-der-perner-gmbh\/#primaryimage\",\"url\":\"\",\"contentUrl\":\"\"},{\"@type\":\"BreadcrumbList\",\"@id\":\"https:\/\/www.miet-check.de\/Mietblog\/2021\/05\/03\/pressemitteilung-modulares-bauen-mit-der-perner-gmbh\/#breadcrumb\",\"itemListElement\":[{\"@type\":\"ListItem\",\"position\":1,\"name\":\"Startseite\",\"item\":\"https:\/\/www.miet-check.de\/Mietblog\/\"},{\"@type\":\"ListItem\",\"position\":2,\"name\":\"Pressemitteilung &#8211; Modulares Bauen mit der Perner GmbH\"}]},{\"@type\":\"WebSite\",\"@id\":\"https:\/\/www.miet-check.de\/Mietblog\/#website\",\"url\":\"https:\/\/www.miet-check.de\/Mietblog\/\",\"name\":\"Magazin f\u00fcr Vermieter\",\"description\":\"Mietpreise, Mietrecht, Mieterh\u00f6hung und vieles mehr...\",\"potentialAction\":[{\"@type\":\"SearchAction\",\"target\":{\"@type\":\"EntryPoint\",\"urlTemplate\":\"https:\/\/www.miet-check.de\/Mietblog\/?s={search_term_string}\"},\"query-input\":{\"@type\":\"PropertyValueSpecification\",\"valueRequired\":true,\"valueName\":\"search_term_string\"}}],\"inLanguage\":\"de\"},{\"@type\":\"Person\",\"@id\":\"https:\/\/www.miet-check.de\/Mietblog\/#\/schema\/person\/f6b99f199b07857a56ba6355973ec2c6\",\"name\":\"Jochen\",\"image\":{\"@type\":\"ImageObject\",\"inLanguage\":\"de\",\"@id\":\"https:\/\/secure.gravatar.com\/avatar\/1e725b4ceb701c169d6bf0c05c82a79e794268280a82b1454fb7af6156dd02cc?s=96&d=mm&r=g\",\"url\":\"https:\/\/secure.gravatar.com\/avatar\/1e725b4ceb701c169d6bf0c05c82a79e794268280a82b1454fb7af6156dd02cc?s=96&d=mm&r=g\",\"contentUrl\":\"https:\/\/secure.gravatar.com\/avatar\/1e725b4ceb701c169d6bf0c05c82a79e794268280a82b1454fb7af6156dd02cc?s=96&d=mm&r=g\",\"caption\":\"Jochen\"},\"url\":\"https:\/\/www.miet-check.de\/Mietblog\/author\/admin\/\"}]}<\/script>\n<!-- \/ Yoast SEO plugin. -->","yoast_head_json":{"title":"Pressemitteilung - Modulares Bauen mit der Perner GmbH - Magazin f\u00fcr Vermieter","robots":{"index":"index","follow":"follow","max-snippet":"max-snippet:-1","max-image-preview":"max-image-preview:large","max-video-preview":"max-video-preview:-1"},"canonical":"https:\/\/www.miet-check.de\/Mietblog\/2021\/05\/03\/pressemitteilung-modulares-bauen-mit-der-perner-gmbh\/","og_locale":"de_DE","og_type":"article","og_title":"Pressemitteilung - Modulares Bauen mit der Perner GmbH - Magazin f\u00fcr Vermieter","og_description":"Rosenheim, 03.05.2021 (lifePR) &#8211; Im Fr\u00fchjahr 2021 ver\u00f6ffentlicht unser Partnerunternehmen, die Perner GmbH, ihre aktuelle Brosch\u00fcre zu modularen Geb\u00e4udel\u00f6sungen im Gesundheitswesen. Um &hellip;","og_url":"https:\/\/www.miet-check.de\/Mietblog\/2021\/05\/03\/pressemitteilung-modulares-bauen-mit-der-perner-gmbh\/","og_site_name":"Magazin f\u00fcr Vermieter","article_published_time":"2021-05-03T08:47:41+00:00","author":"Jochen","twitter_card":"summary_large_image","twitter_misc":{"Verfasst von":"Jochen","Gesch\u00e4tzte Lesezeit":"1\u00a0Minute"},"schema":{"@context":"https:\/\/schema.org","@graph":[{"@type":"NewsArticle","@id":"https:\/\/www.miet-check.de\/Mietblog\/2021\/05\/03\/pressemitteilung-modulares-bauen-mit-der-perner-gmbh\/#article","isPartOf":{"@id":"https:\/\/www.miet-check.de\/Mietblog\/2021\/05\/03\/pressemitteilung-modulares-bauen-mit-der-perner-gmbh\/"},"author":{"name":"Jochen","@id":"https:\/\/www.miet-check.de\/Mietblog\/#\/schema\/person\/f6b99f199b07857a56ba6355973ec2c6"},"headline":"Pressemitteilung &#8211; Modulares Bauen mit der Perner GmbH","datePublished":"2021-05-03T08:47:41+00:00","mainEntityOfPage":{"@id":"https:\/\/www.miet-check.de\/Mietblog\/2021\/05\/03\/pressemitteilung-modulares-bauen-mit-der-perner-gmbh\/"},"wordCount":157,"commentCount":0,"image":{"@id":"https:\/\/www.miet-check.de\/Mietblog\/2021\/05\/03\/pressemitteilung-modulares-bauen-mit-der-perner-gmbh\/#primaryimage"},"thumbnailUrl":"","articleSection":["Pressemitteilung \/ Pressemeldung"],"inLanguage":"de","potentialAction":[{"@type":"CommentAction","name":"Comment","target":["https:\/\/www.miet-check.de\/Mietblog\/2021\/05\/03\/pressemitteilung-modulares-bauen-mit-der-perner-gmbh\/#respond"]}],"dateModified":"2021-05-03T10:47:41+02:00"},{"@type":"WebPage","@id":"https:\/\/www.miet-check.de\/Mietblog\/2021\/05\/03\/pressemitteilung-modulares-bauen-mit-der-perner-gmbh\/","url":"https:\/\/www.miet-check.de\/Mietblog\/2021\/05\/03\/pressemitteilung-modulares-bauen-mit-der-perner-gmbh\/","name":"Pressemitteilung - Modulares Bauen mit der Perner GmbH - Magazin f\u00fcr Vermieter","isPartOf":{"@id":"https:\/\/www.miet-check.de\/Mietblog\/#website"},"primaryImageOfPage":{"@id":"https:\/\/www.miet-check.de\/Mietblog\/2021\/05\/03\/pressemitteilung-modulares-bauen-mit-der-perner-gmbh\/#primaryimage"},"image":{"@id":"https:\/\/www.miet-check.de\/Mietblog\/2021\/05\/03\/pressemitteilung-modulares-bauen-mit-der-perner-gmbh\/#primaryimage"},"thumbnailUrl":"","datePublished":"2021-05-03T08:47:41+00:00","author":{"@id":"https:\/\/www.miet-check.de\/Mietblog\/#\/schema\/person\/f6b99f199b07857a56ba6355973ec2c6"},"breadcrumb":{"@id":"https:\/\/www.miet-check.de\/Mietblog\/2021\/05\/03\/pressemitteilung-modulares-bauen-mit-der-perner-gmbh\/#breadcrumb"},"inLanguage":"de","potentialAction":[{"@type":"ReadAction","target":["https:\/\/www.miet-check.de\/Mietblog\/2021\/05\/03\/pressemitteilung-modulares-bauen-mit-der-perner-gmbh\/"]}]},{"@type":"ImageObject","inLanguage":"de","@id":"https:\/\/www.miet-check.de\/Mietblog\/2021\/05\/03\/pressemitteilung-modulares-bauen-mit-der-perner-gmbh\/#primaryimage","url":"","contentUrl":""},{"@type":"BreadcrumbList","@id":"https:\/\/www.miet-check.de\/Mietblog\/2021\/05\/03\/pressemitteilung-modulares-bauen-mit-der-perner-gmbh\/#breadcrumb","itemListElement":[{"@type":"ListItem","position":1,"name":"Startseite","item":"https:\/\/www.miet-check.de\/Mietblog\/"},{"@type":"ListItem","position":2,"name":"Pressemitteilung &#8211; Modulares Bauen mit der Perner GmbH"}]},{"@type":"WebSite","@id":"https:\/\/www.miet-check.de\/Mietblog\/#website","url":"https:\/\/www.miet-check.de\/Mietblog\/","name":"Magazin f\u00fcr Vermieter","description":"Mietpreise, Mietrecht, Mieterh\u00f6hung und vieles mehr...","potentialAction":[{"@type":"SearchAction","target":{"@type":"EntryPoint","urlTemplate":"https:\/\/www.miet-check.de\/Mietblog\/?s={search_term_string}"},"query-input":{"@type":"PropertyValueSpecification","valueRequired":true,"valueName":"search_term_string"}}],"inLanguage":"de"},{"@type":"Person","@id":"https:\/\/www.miet-check.de\/Mietblog\/#\/schema\/person\/f6b99f199b07857a56ba6355973ec2c6","name":"Jochen","image":{"@type":"ImageObject","inLanguage":"de","@id":"https:\/\/secure.gravatar.com\/avatar\/1e725b4ceb701c169d6bf0c05c82a79e794268280a82b1454fb7af6156dd02cc?s=96&d=mm&r=g","url":"https:\/\/secure.gravatar.com\/avatar\/1e725b4ceb701c169d6bf0c05c82a79e794268280a82b1454fb7af6156dd02cc?s=96&d=mm&r=g","contentUrl":"https:\/\/secure.gravatar.com\/avatar\/1e725b4ceb701c169d6bf0c05c82a79e794268280a82b1454fb7af6156dd02cc?s=96&d=mm&r=g","caption":"Jochen"},"url":"https:\/\/www.miet-check.de\/Mietblog\/author\/admin\/"}]}},"_links":{"self":[{"href":"https:\/\/www.miet-check.de\/Mietblog\/wp-json\/wp\/v2\/posts\/31148","targetHints":{"allow":["GET"]}}],"collection":[{"href":"https:\/\/www.miet-check.de\/Mietblog\/wp-json\/wp\/v2\/posts"}],"about":[{"href":"https:\/\/www.miet-check.de\/Mietblog\/wp-json\/wp\/v2\/types\/post"}],"author":[{"embeddable":true,"href":"https:\/\/www.miet-check.de\/Mietblog\/wp-json\/wp\/v2\/users\/1"}],"replies":[{"embeddable":true,"href":"https:\/\/www.miet-check.de\/Mietblog\/wp-json\/wp\/v2\/comments?post=31148"}],"version-history":[{"count":0,"href":"https:\/\/www.miet-check.de\/Mietblog\/wp-json\/wp\/v2\/posts\/31148\/revisions"}],"wp:attachment":[{"href":"https:\/\/www.miet-check.de\/Mietblog\/wp-json\/wp\/v2\/media?parent=31148"}],"wp:term":[{"taxonomy":"category","embeddable":true,"href":"https:\/\/www.miet-check.de\/Mietblog\/wp-json\/wp\/v2\/categories?post=31148"},{"taxonomy":"post_tag","embeddable":true,"href":"https:\/\/www.miet-check.de\/Mietblog\/wp-json\/wp\/v2\/tags?post=31148"}],"curies":[{"name":"wp","href":"https:\/\/api.w.org\/{rel}","templated":true}]}}