{"id":3470,"date":"2017-11-02T09:14:14","date_gmt":"2017-11-02T08:14:14","guid":{"rendered":"http:\/\/www.miet-check.de\/Mietblog\/2017\/11\/02\/pressemitteilung-koleksiyon-gewinnt-german-design-award-2018-fuer-tola\/"},"modified":"2017-11-02T09:14:14","modified_gmt":"2017-11-02T08:14:14","slug":"pressemitteilung-koleksiyon-gewinnt-german-design-award-2018-fuer-tola","status":"publish","type":"post","link":"https:\/\/www.miet-check.de\/Mietblog\/2017\/11\/02\/pressemitteilung-koleksiyon-gewinnt-german-design-award-2018-fuer-tola\/","title":{"rendered":"Pressemitteilung &#8211; Koleksiyon gewinnt German Design Award 2018 f\u00fcr Tola"},"content":{"rendered":"<p>D\u00fcsseldorf, 30.10.2017 (lifePR) &#8211; Die B\u00fcrostuhlserie Tola von Koleksiyon ist \u201eWinner\u201c in der Kategorie \u201eExcellent Product Design\u201c des German Design Award 2018. Tola wurde von dem Studio f\/p design von Fritz Frenkler and Anette Ponholzer entworfen. Die Konferenz- und B\u00fcrostuhlserie wurde f\u00fcr Arbeitsumgebungen konzipiert, in denen Unterschiede in der Ausstattung zwischen Management und Arbeitsteams verblassen. Der modulare Aufbau des Stuhls mit seinen \u00fcberlappenden R\u00fcckenschalen eignet sich f\u00fcr eine Vielzahl von Anwendungen, vom Besucherstuhl bis hin zu einem B\u00fcro- oder Konferenzstuhl mit Synchronmechanik, hoher R\u00fcckenlehne und Kopfst\u00fctze. Tola \u00fcberzeugt durch eine zeitlose, moderne und funktionale Formsprache. Koray Malhan, Chief Design Officer von Koleksiyon betonte, dass das Unternehmen sich freue und geehrt f\u00fchle, diesen angesehenen Preis f\u00fcr Tola zu erhalten.<\/p>\n<p>Der German Design Award legt die h\u00f6chsten Anspr\u00fcche an die Ermittlung seiner Preistr\u00e4ger: In einem aufw\u00e4ndigen Nominierungsverfahren werden durch Expertengremien des Rat f\u00fcr Formgebung nur solche Produkte und Kommunikationsdesignleistungen zur Teilnahme am Wettbewerb eingeladen, die sich nachweislich durch ihre gestalterische Qualit\u00e4t im Wettbewerb differenzieren. In diesem Jahr gab es mehr als 5.000 Einreichungen, 49% davon im Bereich Excellent Product Design, 51% im Bereich Excellent Communications Design. 758 Einreichungen kamen in diesem Jahr aus dem Ausland.<\/p>\n<p>den German Design Award<\/p>\n<p>Der German Design Award ist der internationale Premiumpreis des Rat f\u00fcr Formgebung. Sein Ziel: einzigartige Gestaltungstrends zu entdecken, zu pr\u00e4sentieren und auszuzeichnen. J\u00e4hrlich werden daher hochkar\u00e4tige Einreichungen aus dem Produkt- und Kommunikationsdesign pr\u00e4miert, die alle auf ihre Art wegweisend in der internationalen Designlandschaft sind. Der 2012 initiierte German Design Award z\u00e4hlt\u00a0zu den anerkanntesten Design-Wettbewerben weltweit und genie\u00dft weit \u00fcber die Fachkreise hinaus hohes Ansehen.<\/p>\n<div style=\"margin-top: 0px; margin-bottom: 0px;\" class=\"sharethis-inline-follow-buttons\" ><\/div>","protected":false},"excerpt":{"rendered":"<p>D\u00fcsseldorf, 30.10.2017 (lifePR) &#8211; Die B\u00fcrostuhlserie Tola von Koleksiyon ist \u201eWinner\u201c in der Kategorie \u201eExcellent Product Design\u201c des German Design Award 2018. &hellip;<\/p>\n","protected":false},"author":1,"featured_media":2000000000,"comment_status":"open","ping_status":"open","sticky":false,"template":"","format":"standard","meta":{"_yoast_wpseo_focuskw":"","_yoast_wpseo_title":"","_yoast_wpseo_metadesc":"","footnotes":""},"categories":[431],"tags":[],"class_list":["post-3470","post","type-post","status-publish","format-standard","has-post-thumbnail","hentry","category-pressemitteilung-pressemeldung"],"yoast_head":"<!-- This site is optimized with the Yoast SEO plugin v27.2 - https:\/\/yoast.com\/product\/yoast-seo-wordpress\/ -->\n<title>Pressemitteilung - Koleksiyon gewinnt German Design Award 2018 f\u00fcr Tola - Magazin f\u00fcr Vermieter<\/title>\n<meta name=\"robots\" content=\"index, follow, max-snippet:-1, max-image-preview:large, max-video-preview:-1\" \/>\n<link rel=\"canonical\" href=\"https:\/\/www.miet-check.de\/Mietblog\/2017\/11\/02\/pressemitteilung-koleksiyon-gewinnt-german-design-award-2018-fuer-tola\/\" \/>\n<meta property=\"og:locale\" content=\"de_DE\" \/>\n<meta property=\"og:type\" content=\"article\" \/>\n<meta property=\"og:title\" content=\"Pressemitteilung - Koleksiyon gewinnt German Design Award 2018 f\u00fcr Tola - Magazin f\u00fcr Vermieter\" \/>\n<meta property=\"og:description\" content=\"D\u00fcsseldorf, 30.10.2017 (lifePR) &#8211; Die B\u00fcrostuhlserie Tola von Koleksiyon ist \u201eWinner\u201c in der Kategorie \u201eExcellent Product Design\u201c des German Design Award 2018. &hellip;\" \/>\n<meta property=\"og:url\" content=\"https:\/\/www.miet-check.de\/Mietblog\/2017\/11\/02\/pressemitteilung-koleksiyon-gewinnt-german-design-award-2018-fuer-tola\/\" \/>\n<meta property=\"og:site_name\" content=\"Magazin f\u00fcr Vermieter\" \/>\n<meta property=\"article:published_time\" content=\"2017-11-02T08:14:14+00:00\" \/>\n<meta name=\"author\" content=\"Jochen\" \/>\n<meta name=\"twitter:card\" content=\"summary_large_image\" \/>\n<meta name=\"twitter:label1\" content=\"Verfasst von\" \/>\n\t<meta name=\"twitter:data1\" content=\"Jochen\" \/>\n\t<meta name=\"twitter:label2\" content=\"Gesch\u00e4tzte Lesezeit\" \/>\n\t<meta name=\"twitter:data2\" content=\"1\u00a0Minute\" \/>\n<script type=\"application\/ld+json\" class=\"yoast-schema-graph\">{\"@context\":\"https:\/\/schema.org\",\"@graph\":[{\"@type\":\"NewsArticle\",\"@id\":\"https:\/\/www.miet-check.de\/Mietblog\/2017\/11\/02\/pressemitteilung-koleksiyon-gewinnt-german-design-award-2018-fuer-tola\/#article\",\"isPartOf\":{\"@id\":\"https:\/\/www.miet-check.de\/Mietblog\/2017\/11\/02\/pressemitteilung-koleksiyon-gewinnt-german-design-award-2018-fuer-tola\/\"},\"author\":{\"name\":\"Jochen\",\"@id\":\"https:\/\/www.miet-check.de\/Mietblog\/#\/schema\/person\/f6b99f199b07857a56ba6355973ec2c6\"},\"headline\":\"Pressemitteilung &#8211; Koleksiyon gewinnt German Design Award 2018 f\u00fcr Tola\",\"datePublished\":\"2017-11-02T08:14:14+00:00\",\"mainEntityOfPage\":{\"@id\":\"https:\/\/www.miet-check.de\/Mietblog\/2017\/11\/02\/pressemitteilung-koleksiyon-gewinnt-german-design-award-2018-fuer-tola\/\"},\"wordCount\":290,\"commentCount\":0,\"image\":{\"@id\":\"https:\/\/www.miet-check.de\/Mietblog\/2017\/11\/02\/pressemitteilung-koleksiyon-gewinnt-german-design-award-2018-fuer-tola\/#primaryimage\"},\"thumbnailUrl\":\"\",\"articleSection\":[\"Pressemitteilung \/ Pressemeldung\"],\"inLanguage\":\"de\",\"potentialAction\":[{\"@type\":\"CommentAction\",\"name\":\"Comment\",\"target\":[\"https:\/\/www.miet-check.de\/Mietblog\/2017\/11\/02\/pressemitteilung-koleksiyon-gewinnt-german-design-award-2018-fuer-tola\/#respond\"]}],\"dateModified\":\"2017-11-02T09:14:14+01:00\"},{\"@type\":\"WebPage\",\"@id\":\"https:\/\/www.miet-check.de\/Mietblog\/2017\/11\/02\/pressemitteilung-koleksiyon-gewinnt-german-design-award-2018-fuer-tola\/\",\"url\":\"https:\/\/www.miet-check.de\/Mietblog\/2017\/11\/02\/pressemitteilung-koleksiyon-gewinnt-german-design-award-2018-fuer-tola\/\",\"name\":\"Pressemitteilung - Koleksiyon gewinnt German Design Award 2018 f\u00fcr Tola - Magazin f\u00fcr Vermieter\",\"isPartOf\":{\"@id\":\"https:\/\/www.miet-check.de\/Mietblog\/#website\"},\"primaryImageOfPage\":{\"@id\":\"https:\/\/www.miet-check.de\/Mietblog\/2017\/11\/02\/pressemitteilung-koleksiyon-gewinnt-german-design-award-2018-fuer-tola\/#primaryimage\"},\"image\":{\"@id\":\"https:\/\/www.miet-check.de\/Mietblog\/2017\/11\/02\/pressemitteilung-koleksiyon-gewinnt-german-design-award-2018-fuer-tola\/#primaryimage\"},\"thumbnailUrl\":\"\",\"datePublished\":\"2017-11-02T08:14:14+00:00\",\"author\":{\"@id\":\"https:\/\/www.miet-check.de\/Mietblog\/#\/schema\/person\/f6b99f199b07857a56ba6355973ec2c6\"},\"breadcrumb\":{\"@id\":\"https:\/\/www.miet-check.de\/Mietblog\/2017\/11\/02\/pressemitteilung-koleksiyon-gewinnt-german-design-award-2018-fuer-tola\/#breadcrumb\"},\"inLanguage\":\"de\",\"potentialAction\":[{\"@type\":\"ReadAction\",\"target\":[\"https:\/\/www.miet-check.de\/Mietblog\/2017\/11\/02\/pressemitteilung-koleksiyon-gewinnt-german-design-award-2018-fuer-tola\/\"]}]},{\"@type\":\"ImageObject\",\"inLanguage\":\"de\",\"@id\":\"https:\/\/www.miet-check.de\/Mietblog\/2017\/11\/02\/pressemitteilung-koleksiyon-gewinnt-german-design-award-2018-fuer-tola\/#primaryimage\",\"url\":\"\",\"contentUrl\":\"\"},{\"@type\":\"BreadcrumbList\",\"@id\":\"https:\/\/www.miet-check.de\/Mietblog\/2017\/11\/02\/pressemitteilung-koleksiyon-gewinnt-german-design-award-2018-fuer-tola\/#breadcrumb\",\"itemListElement\":[{\"@type\":\"ListItem\",\"position\":1,\"name\":\"Startseite\",\"item\":\"https:\/\/www.miet-check.de\/Mietblog\/\"},{\"@type\":\"ListItem\",\"position\":2,\"name\":\"Pressemitteilung &#8211; Koleksiyon gewinnt German Design Award 2018 f\u00fcr Tola\"}]},{\"@type\":\"WebSite\",\"@id\":\"https:\/\/www.miet-check.de\/Mietblog\/#website\",\"url\":\"https:\/\/www.miet-check.de\/Mietblog\/\",\"name\":\"Magazin f\u00fcr Vermieter\",\"description\":\"Mietpreise, Mietrecht, Mieterh\u00f6hung und vieles mehr...\",\"potentialAction\":[{\"@type\":\"SearchAction\",\"target\":{\"@type\":\"EntryPoint\",\"urlTemplate\":\"https:\/\/www.miet-check.de\/Mietblog\/?s={search_term_string}\"},\"query-input\":{\"@type\":\"PropertyValueSpecification\",\"valueRequired\":true,\"valueName\":\"search_term_string\"}}],\"inLanguage\":\"de\"},{\"@type\":\"Person\",\"@id\":\"https:\/\/www.miet-check.de\/Mietblog\/#\/schema\/person\/f6b99f199b07857a56ba6355973ec2c6\",\"name\":\"Jochen\",\"image\":{\"@type\":\"ImageObject\",\"inLanguage\":\"de\",\"@id\":\"https:\/\/secure.gravatar.com\/avatar\/1e725b4ceb701c169d6bf0c05c82a79e794268280a82b1454fb7af6156dd02cc?s=96&d=mm&r=g\",\"url\":\"https:\/\/secure.gravatar.com\/avatar\/1e725b4ceb701c169d6bf0c05c82a79e794268280a82b1454fb7af6156dd02cc?s=96&d=mm&r=g\",\"contentUrl\":\"https:\/\/secure.gravatar.com\/avatar\/1e725b4ceb701c169d6bf0c05c82a79e794268280a82b1454fb7af6156dd02cc?s=96&d=mm&r=g\",\"caption\":\"Jochen\"},\"url\":\"https:\/\/www.miet-check.de\/Mietblog\/author\/admin\/\"}]}<\/script>\n<!-- \/ Yoast SEO plugin. -->","yoast_head_json":{"title":"Pressemitteilung - Koleksiyon gewinnt German Design Award 2018 f\u00fcr Tola - Magazin f\u00fcr Vermieter","robots":{"index":"index","follow":"follow","max-snippet":"max-snippet:-1","max-image-preview":"max-image-preview:large","max-video-preview":"max-video-preview:-1"},"canonical":"https:\/\/www.miet-check.de\/Mietblog\/2017\/11\/02\/pressemitteilung-koleksiyon-gewinnt-german-design-award-2018-fuer-tola\/","og_locale":"de_DE","og_type":"article","og_title":"Pressemitteilung - Koleksiyon gewinnt German Design Award 2018 f\u00fcr Tola - Magazin f\u00fcr Vermieter","og_description":"D\u00fcsseldorf, 30.10.2017 (lifePR) &#8211; Die B\u00fcrostuhlserie Tola von Koleksiyon ist \u201eWinner\u201c in der Kategorie \u201eExcellent Product Design\u201c des German Design Award 2018. &hellip;","og_url":"https:\/\/www.miet-check.de\/Mietblog\/2017\/11\/02\/pressemitteilung-koleksiyon-gewinnt-german-design-award-2018-fuer-tola\/","og_site_name":"Magazin f\u00fcr Vermieter","article_published_time":"2017-11-02T08:14:14+00:00","author":"Jochen","twitter_card":"summary_large_image","twitter_misc":{"Verfasst von":"Jochen","Gesch\u00e4tzte Lesezeit":"1\u00a0Minute"},"schema":{"@context":"https:\/\/schema.org","@graph":[{"@type":"NewsArticle","@id":"https:\/\/www.miet-check.de\/Mietblog\/2017\/11\/02\/pressemitteilung-koleksiyon-gewinnt-german-design-award-2018-fuer-tola\/#article","isPartOf":{"@id":"https:\/\/www.miet-check.de\/Mietblog\/2017\/11\/02\/pressemitteilung-koleksiyon-gewinnt-german-design-award-2018-fuer-tola\/"},"author":{"name":"Jochen","@id":"https:\/\/www.miet-check.de\/Mietblog\/#\/schema\/person\/f6b99f199b07857a56ba6355973ec2c6"},"headline":"Pressemitteilung &#8211; Koleksiyon gewinnt German Design Award 2018 f\u00fcr Tola","datePublished":"2017-11-02T08:14:14+00:00","mainEntityOfPage":{"@id":"https:\/\/www.miet-check.de\/Mietblog\/2017\/11\/02\/pressemitteilung-koleksiyon-gewinnt-german-design-award-2018-fuer-tola\/"},"wordCount":290,"commentCount":0,"image":{"@id":"https:\/\/www.miet-check.de\/Mietblog\/2017\/11\/02\/pressemitteilung-koleksiyon-gewinnt-german-design-award-2018-fuer-tola\/#primaryimage"},"thumbnailUrl":"","articleSection":["Pressemitteilung \/ Pressemeldung"],"inLanguage":"de","potentialAction":[{"@type":"CommentAction","name":"Comment","target":["https:\/\/www.miet-check.de\/Mietblog\/2017\/11\/02\/pressemitteilung-koleksiyon-gewinnt-german-design-award-2018-fuer-tola\/#respond"]}],"dateModified":"2017-11-02T09:14:14+01:00"},{"@type":"WebPage","@id":"https:\/\/www.miet-check.de\/Mietblog\/2017\/11\/02\/pressemitteilung-koleksiyon-gewinnt-german-design-award-2018-fuer-tola\/","url":"https:\/\/www.miet-check.de\/Mietblog\/2017\/11\/02\/pressemitteilung-koleksiyon-gewinnt-german-design-award-2018-fuer-tola\/","name":"Pressemitteilung - Koleksiyon gewinnt German Design Award 2018 f\u00fcr Tola - Magazin f\u00fcr Vermieter","isPartOf":{"@id":"https:\/\/www.miet-check.de\/Mietblog\/#website"},"primaryImageOfPage":{"@id":"https:\/\/www.miet-check.de\/Mietblog\/2017\/11\/02\/pressemitteilung-koleksiyon-gewinnt-german-design-award-2018-fuer-tola\/#primaryimage"},"image":{"@id":"https:\/\/www.miet-check.de\/Mietblog\/2017\/11\/02\/pressemitteilung-koleksiyon-gewinnt-german-design-award-2018-fuer-tola\/#primaryimage"},"thumbnailUrl":"","datePublished":"2017-11-02T08:14:14+00:00","author":{"@id":"https:\/\/www.miet-check.de\/Mietblog\/#\/schema\/person\/f6b99f199b07857a56ba6355973ec2c6"},"breadcrumb":{"@id":"https:\/\/www.miet-check.de\/Mietblog\/2017\/11\/02\/pressemitteilung-koleksiyon-gewinnt-german-design-award-2018-fuer-tola\/#breadcrumb"},"inLanguage":"de","potentialAction":[{"@type":"ReadAction","target":["https:\/\/www.miet-check.de\/Mietblog\/2017\/11\/02\/pressemitteilung-koleksiyon-gewinnt-german-design-award-2018-fuer-tola\/"]}]},{"@type":"ImageObject","inLanguage":"de","@id":"https:\/\/www.miet-check.de\/Mietblog\/2017\/11\/02\/pressemitteilung-koleksiyon-gewinnt-german-design-award-2018-fuer-tola\/#primaryimage","url":"","contentUrl":""},{"@type":"BreadcrumbList","@id":"https:\/\/www.miet-check.de\/Mietblog\/2017\/11\/02\/pressemitteilung-koleksiyon-gewinnt-german-design-award-2018-fuer-tola\/#breadcrumb","itemListElement":[{"@type":"ListItem","position":1,"name":"Startseite","item":"https:\/\/www.miet-check.de\/Mietblog\/"},{"@type":"ListItem","position":2,"name":"Pressemitteilung &#8211; Koleksiyon gewinnt German Design Award 2018 f\u00fcr Tola"}]},{"@type":"WebSite","@id":"https:\/\/www.miet-check.de\/Mietblog\/#website","url":"https:\/\/www.miet-check.de\/Mietblog\/","name":"Magazin f\u00fcr Vermieter","description":"Mietpreise, Mietrecht, Mieterh\u00f6hung und vieles mehr...","potentialAction":[{"@type":"SearchAction","target":{"@type":"EntryPoint","urlTemplate":"https:\/\/www.miet-check.de\/Mietblog\/?s={search_term_string}"},"query-input":{"@type":"PropertyValueSpecification","valueRequired":true,"valueName":"search_term_string"}}],"inLanguage":"de"},{"@type":"Person","@id":"https:\/\/www.miet-check.de\/Mietblog\/#\/schema\/person\/f6b99f199b07857a56ba6355973ec2c6","name":"Jochen","image":{"@type":"ImageObject","inLanguage":"de","@id":"https:\/\/secure.gravatar.com\/avatar\/1e725b4ceb701c169d6bf0c05c82a79e794268280a82b1454fb7af6156dd02cc?s=96&d=mm&r=g","url":"https:\/\/secure.gravatar.com\/avatar\/1e725b4ceb701c169d6bf0c05c82a79e794268280a82b1454fb7af6156dd02cc?s=96&d=mm&r=g","contentUrl":"https:\/\/secure.gravatar.com\/avatar\/1e725b4ceb701c169d6bf0c05c82a79e794268280a82b1454fb7af6156dd02cc?s=96&d=mm&r=g","caption":"Jochen"},"url":"https:\/\/www.miet-check.de\/Mietblog\/author\/admin\/"}]}},"_links":{"self":[{"href":"https:\/\/www.miet-check.de\/Mietblog\/wp-json\/wp\/v2\/posts\/3470","targetHints":{"allow":["GET"]}}],"collection":[{"href":"https:\/\/www.miet-check.de\/Mietblog\/wp-json\/wp\/v2\/posts"}],"about":[{"href":"https:\/\/www.miet-check.de\/Mietblog\/wp-json\/wp\/v2\/types\/post"}],"author":[{"embeddable":true,"href":"https:\/\/www.miet-check.de\/Mietblog\/wp-json\/wp\/v2\/users\/1"}],"replies":[{"embeddable":true,"href":"https:\/\/www.miet-check.de\/Mietblog\/wp-json\/wp\/v2\/comments?post=3470"}],"version-history":[{"count":0,"href":"https:\/\/www.miet-check.de\/Mietblog\/wp-json\/wp\/v2\/posts\/3470\/revisions"}],"wp:attachment":[{"href":"https:\/\/www.miet-check.de\/Mietblog\/wp-json\/wp\/v2\/media?parent=3470"}],"wp:term":[{"taxonomy":"category","embeddable":true,"href":"https:\/\/www.miet-check.de\/Mietblog\/wp-json\/wp\/v2\/categories?post=3470"},{"taxonomy":"post_tag","embeddable":true,"href":"https:\/\/www.miet-check.de\/Mietblog\/wp-json\/wp\/v2\/tags?post=3470"}],"curies":[{"name":"wp","href":"https:\/\/api.w.org\/{rel}","templated":true}]}}