{"id":38149,"date":"2022-03-18T15:23:45","date_gmt":"2022-03-18T14:23:45","guid":{"rendered":"https:\/\/www.miet-check.de\/Mietblog\/2022\/03\/18\/pressemitteilung-keine-teilnahme-an-messe-fensterbau-frontale\/"},"modified":"2022-03-18T15:23:45","modified_gmt":"2022-03-18T14:23:45","slug":"pressemitteilung-keine-teilnahme-an-messe-fensterbau-frontale","status":"publish","type":"post","link":"https:\/\/www.miet-check.de\/Mietblog\/2022\/03\/18\/pressemitteilung-keine-teilnahme-an-messe-fensterbau-frontale\/","title":{"rendered":"Pressemitteilung &#8211; Keine Teilnahme an Messe Fensterbau Frontale"},"content":{"rendered":"<p>Ibbenb\u00fcren, 17.03.2022 (lifePR) &#8211; Einer der international f\u00fchrenden Hersteller von Fenstern und T\u00fcren aus Kunststoff sowie Aluminium, Oknoplast, hat sich zusammen mit dem Tochterunternehmen WnD dazu entschlossen, die Teilnahme an der diesj\u00e4hrigen Messe Fensterbau Frontale abzusagen.<\/p>\n<p>Angesichts der aktuell hohen\u00a0Corona-Inzidenzwerte\u00a0in ganz Europa, verzichtet Oknoplast\u00a0mit ihren drei Marken Oknoplast, Aluhaus und WnD\u00a0auf die Teilnahme an der zuletzt\u00a0auf Mitte Juli 2022 verschobenen Messe Fensterbau Frontale in N\u00fcrnberg.<\/p>\n<p>Nachdem die Fensterbau Frontale schon im Jahr 2020 aufgrund der Pandemie nicht stattfinden konnte, ist den Verantwortlichen bei Oknoplast dieser Schritt besonders schwergefallen. \u00e2\u0080\u009eKeiner h\u00e4tte vor zwei Jahren gedacht, dass auch in 2022 dieser international wichtigste Branchentreff erneut wegen Corona f\u00fcr Aussteller und Besucher zur Diskussion steht. Solange sich Europa in einer derart unsicheren pandemischen Lage befindet, k\u00f6nnen wir es nicht verantworten, unsere Kunden und Mitarbeiter mit zigtausend anderen Besuchern in den Messehallen zusammenzubringen. Klar ist, die Gesundheit muss immer an erster Stelle stehen, beschreibt Jens Eberhard, Gesch\u00e4ftsf\u00fchrer Oknoplast <a href=\"https:\/\/www.miet-check.de\/Mietblog\/2026\/07\/28\/mietpreise-deutschland-2026-staedte-ranking\/\">Deutschland<\/a>, die Gef\u00fchlswelt des Unternehmens. Hinzu komme die Tatsache, dass zum Messestart in neun von 16 Bundesl\u00e4ndern die Sommerferien beginnen, so Eberhard weiter.<\/p>\n<p>Auf der Fensterbau Frontale in N\u00fcrnberg vertreten ist Oknoplast dennoch als Mitaussteller bei der ift-Sonderschau am Stand des ift Rosenheim. Zu sehen ist dort zum Thema \u00e2\u0080\u009eGreen Deal ein Exponat des exklusiven 76 mm Systems Ecofusion. Interessierte k\u00f6nnen am Messestand mit Oknoplast in Kontakt treten.<\/p>\n<p>Innovationen und neueste Technologien wird das Familienunternehmen seinen Fachhandelspartnern \u00fcber digitale Medien, den Au\u00dfen- und Innendienst sowie \u00fcber Schulungen vorstellen. Interessierte neue Fachh\u00e4ndler k\u00f6nnen jederzeit auch telefonisch, per E-Mail oder \u00fcber die Website direkt Kontakt zu Oknoplast aufnehmen.<\/p>\n<p>Das Unternehmen freut sich auf die n\u00e4chste Messe Fensterbau Frontale im Jahr 2024 in N\u00fcrnberg.<\/p>\n<p><strong>Unternehmen<br \/><\/strong>OKNOPLAST Deutschland GmbH<\/p>\n<div style=\"margin-top: 0px; margin-bottom: 0px;\" class=\"sharethis-inline-follow-buttons\" ><\/div>","protected":false},"excerpt":{"rendered":"<p>Ibbenb\u00fcren, 17.03.2022 (lifePR) &#8211; Einer der international f\u00fchrenden Hersteller von Fenstern und T\u00fcren aus Kunststoff sowie Aluminium, Oknoplast, hat sich zusammen mit &hellip;<\/p>\n","protected":false},"author":1,"featured_media":2000000000,"comment_status":"open","ping_status":"open","sticky":false,"template":"","format":"standard","meta":{"_yoast_wpseo_focuskw":"","_yoast_wpseo_title":"","_yoast_wpseo_metadesc":"","footnotes":""},"categories":[431],"tags":[],"class_list":["post-38149","post","type-post","status-publish","format-standard","has-post-thumbnail","hentry","category-pressemitteilung-pressemeldung"],"yoast_head":"<!-- This site is optimized with the Yoast SEO plugin v27.2 - https:\/\/yoast.com\/product\/yoast-seo-wordpress\/ -->\n<title>Pressemitteilung - Keine Teilnahme an Messe Fensterbau Frontale - Magazin f\u00fcr Vermieter<\/title>\n<meta name=\"robots\" content=\"index, follow, max-snippet:-1, max-image-preview:large, max-video-preview:-1\" \/>\n<link rel=\"canonical\" href=\"https:\/\/www.miet-check.de\/Mietblog\/2022\/03\/18\/pressemitteilung-keine-teilnahme-an-messe-fensterbau-frontale\/\" \/>\n<meta property=\"og:locale\" content=\"de_DE\" \/>\n<meta property=\"og:type\" content=\"article\" \/>\n<meta property=\"og:title\" content=\"Pressemitteilung - Keine Teilnahme an Messe Fensterbau Frontale - Magazin f\u00fcr Vermieter\" \/>\n<meta property=\"og:description\" content=\"Ibbenb\u00fcren, 17.03.2022 (lifePR) &#8211; Einer der international f\u00fchrenden Hersteller von Fenstern und T\u00fcren aus Kunststoff sowie Aluminium, Oknoplast, hat sich zusammen mit &hellip;\" \/>\n<meta property=\"og:url\" content=\"https:\/\/www.miet-check.de\/Mietblog\/2022\/03\/18\/pressemitteilung-keine-teilnahme-an-messe-fensterbau-frontale\/\" \/>\n<meta property=\"og:site_name\" content=\"Magazin f\u00fcr Vermieter\" \/>\n<meta property=\"article:published_time\" content=\"2022-03-18T14:23:45+00:00\" \/>\n<meta name=\"author\" content=\"Jochen\" \/>\n<meta name=\"twitter:card\" content=\"summary_large_image\" \/>\n<meta name=\"twitter:label1\" content=\"Verfasst von\" \/>\n\t<meta name=\"twitter:data1\" content=\"Jochen\" \/>\n\t<meta name=\"twitter:label2\" content=\"Gesch\u00e4tzte Lesezeit\" \/>\n\t<meta name=\"twitter:data2\" content=\"1\u00a0Minute\" \/>\n<script type=\"application\/ld+json\" class=\"yoast-schema-graph\">{\"@context\":\"https:\/\/schema.org\",\"@graph\":[{\"@type\":\"NewsArticle\",\"@id\":\"https:\/\/www.miet-check.de\/Mietblog\/2022\/03\/18\/pressemitteilung-keine-teilnahme-an-messe-fensterbau-frontale\/#article\",\"isPartOf\":{\"@id\":\"https:\/\/www.miet-check.de\/Mietblog\/2022\/03\/18\/pressemitteilung-keine-teilnahme-an-messe-fensterbau-frontale\/\"},\"author\":{\"name\":\"Jochen\",\"@id\":\"https:\/\/www.miet-check.de\/Mietblog\/#\/schema\/person\/f6b99f199b07857a56ba6355973ec2c6\"},\"headline\":\"Pressemitteilung &#8211; Keine Teilnahme an Messe Fensterbau Frontale\",\"datePublished\":\"2022-03-18T14:23:45+00:00\",\"mainEntityOfPage\":{\"@id\":\"https:\/\/www.miet-check.de\/Mietblog\/2022\/03\/18\/pressemitteilung-keine-teilnahme-an-messe-fensterbau-frontale\/\"},\"wordCount\":304,\"commentCount\":0,\"image\":{\"@id\":\"https:\/\/www.miet-check.de\/Mietblog\/2022\/03\/18\/pressemitteilung-keine-teilnahme-an-messe-fensterbau-frontale\/#primaryimage\"},\"thumbnailUrl\":\"\",\"articleSection\":[\"Pressemitteilung \/ Pressemeldung\"],\"inLanguage\":\"de\",\"potentialAction\":[{\"@type\":\"CommentAction\",\"name\":\"Comment\",\"target\":[\"https:\/\/www.miet-check.de\/Mietblog\/2022\/03\/18\/pressemitteilung-keine-teilnahme-an-messe-fensterbau-frontale\/#respond\"]}],\"dateModified\":\"2022-03-18T15:23:45+01:00\"},{\"@type\":\"WebPage\",\"@id\":\"https:\/\/www.miet-check.de\/Mietblog\/2022\/03\/18\/pressemitteilung-keine-teilnahme-an-messe-fensterbau-frontale\/\",\"url\":\"https:\/\/www.miet-check.de\/Mietblog\/2022\/03\/18\/pressemitteilung-keine-teilnahme-an-messe-fensterbau-frontale\/\",\"name\":\"Pressemitteilung - Keine Teilnahme an Messe Fensterbau Frontale - Magazin f\u00fcr Vermieter\",\"isPartOf\":{\"@id\":\"https:\/\/www.miet-check.de\/Mietblog\/#website\"},\"primaryImageOfPage\":{\"@id\":\"https:\/\/www.miet-check.de\/Mietblog\/2022\/03\/18\/pressemitteilung-keine-teilnahme-an-messe-fensterbau-frontale\/#primaryimage\"},\"image\":{\"@id\":\"https:\/\/www.miet-check.de\/Mietblog\/2022\/03\/18\/pressemitteilung-keine-teilnahme-an-messe-fensterbau-frontale\/#primaryimage\"},\"thumbnailUrl\":\"\",\"datePublished\":\"2022-03-18T14:23:45+00:00\",\"author\":{\"@id\":\"https:\/\/www.miet-check.de\/Mietblog\/#\/schema\/person\/f6b99f199b07857a56ba6355973ec2c6\"},\"breadcrumb\":{\"@id\":\"https:\/\/www.miet-check.de\/Mietblog\/2022\/03\/18\/pressemitteilung-keine-teilnahme-an-messe-fensterbau-frontale\/#breadcrumb\"},\"inLanguage\":\"de\",\"potentialAction\":[{\"@type\":\"ReadAction\",\"target\":[\"https:\/\/www.miet-check.de\/Mietblog\/2022\/03\/18\/pressemitteilung-keine-teilnahme-an-messe-fensterbau-frontale\/\"]}]},{\"@type\":\"ImageObject\",\"inLanguage\":\"de\",\"@id\":\"https:\/\/www.miet-check.de\/Mietblog\/2022\/03\/18\/pressemitteilung-keine-teilnahme-an-messe-fensterbau-frontale\/#primaryimage\",\"url\":\"\",\"contentUrl\":\"\"},{\"@type\":\"BreadcrumbList\",\"@id\":\"https:\/\/www.miet-check.de\/Mietblog\/2022\/03\/18\/pressemitteilung-keine-teilnahme-an-messe-fensterbau-frontale\/#breadcrumb\",\"itemListElement\":[{\"@type\":\"ListItem\",\"position\":1,\"name\":\"Startseite\",\"item\":\"https:\/\/www.miet-check.de\/Mietblog\/\"},{\"@type\":\"ListItem\",\"position\":2,\"name\":\"Pressemitteilung &#8211; Keine Teilnahme an Messe Fensterbau Frontale\"}]},{\"@type\":\"WebSite\",\"@id\":\"https:\/\/www.miet-check.de\/Mietblog\/#website\",\"url\":\"https:\/\/www.miet-check.de\/Mietblog\/\",\"name\":\"Magazin f\u00fcr Vermieter\",\"description\":\"Mietpreise, Mietrecht, Mieterh\u00f6hung und vieles mehr...\",\"potentialAction\":[{\"@type\":\"SearchAction\",\"target\":{\"@type\":\"EntryPoint\",\"urlTemplate\":\"https:\/\/www.miet-check.de\/Mietblog\/?s={search_term_string}\"},\"query-input\":{\"@type\":\"PropertyValueSpecification\",\"valueRequired\":true,\"valueName\":\"search_term_string\"}}],\"inLanguage\":\"de\"},{\"@type\":\"Person\",\"@id\":\"https:\/\/www.miet-check.de\/Mietblog\/#\/schema\/person\/f6b99f199b07857a56ba6355973ec2c6\",\"name\":\"Jochen\",\"image\":{\"@type\":\"ImageObject\",\"inLanguage\":\"de\",\"@id\":\"https:\/\/secure.gravatar.com\/avatar\/1e725b4ceb701c169d6bf0c05c82a79e794268280a82b1454fb7af6156dd02cc?s=96&d=mm&r=g\",\"url\":\"https:\/\/secure.gravatar.com\/avatar\/1e725b4ceb701c169d6bf0c05c82a79e794268280a82b1454fb7af6156dd02cc?s=96&d=mm&r=g\",\"contentUrl\":\"https:\/\/secure.gravatar.com\/avatar\/1e725b4ceb701c169d6bf0c05c82a79e794268280a82b1454fb7af6156dd02cc?s=96&d=mm&r=g\",\"caption\":\"Jochen\"},\"url\":\"https:\/\/www.miet-check.de\/Mietblog\/author\/admin\/\"}]}<\/script>\n<!-- \/ Yoast SEO plugin. -->","yoast_head_json":{"title":"Pressemitteilung - Keine Teilnahme an Messe Fensterbau Frontale - Magazin f\u00fcr Vermieter","robots":{"index":"index","follow":"follow","max-snippet":"max-snippet:-1","max-image-preview":"max-image-preview:large","max-video-preview":"max-video-preview:-1"},"canonical":"https:\/\/www.miet-check.de\/Mietblog\/2022\/03\/18\/pressemitteilung-keine-teilnahme-an-messe-fensterbau-frontale\/","og_locale":"de_DE","og_type":"article","og_title":"Pressemitteilung - Keine Teilnahme an Messe Fensterbau Frontale - Magazin f\u00fcr Vermieter","og_description":"Ibbenb\u00fcren, 17.03.2022 (lifePR) &#8211; Einer der international f\u00fchrenden Hersteller von Fenstern und T\u00fcren aus Kunststoff sowie Aluminium, Oknoplast, hat sich zusammen mit &hellip;","og_url":"https:\/\/www.miet-check.de\/Mietblog\/2022\/03\/18\/pressemitteilung-keine-teilnahme-an-messe-fensterbau-frontale\/","og_site_name":"Magazin f\u00fcr Vermieter","article_published_time":"2022-03-18T14:23:45+00:00","author":"Jochen","twitter_card":"summary_large_image","twitter_misc":{"Verfasst von":"Jochen","Gesch\u00e4tzte Lesezeit":"1\u00a0Minute"},"schema":{"@context":"https:\/\/schema.org","@graph":[{"@type":"NewsArticle","@id":"https:\/\/www.miet-check.de\/Mietblog\/2022\/03\/18\/pressemitteilung-keine-teilnahme-an-messe-fensterbau-frontale\/#article","isPartOf":{"@id":"https:\/\/www.miet-check.de\/Mietblog\/2022\/03\/18\/pressemitteilung-keine-teilnahme-an-messe-fensterbau-frontale\/"},"author":{"name":"Jochen","@id":"https:\/\/www.miet-check.de\/Mietblog\/#\/schema\/person\/f6b99f199b07857a56ba6355973ec2c6"},"headline":"Pressemitteilung &#8211; Keine Teilnahme an Messe Fensterbau Frontale","datePublished":"2022-03-18T14:23:45+00:00","mainEntityOfPage":{"@id":"https:\/\/www.miet-check.de\/Mietblog\/2022\/03\/18\/pressemitteilung-keine-teilnahme-an-messe-fensterbau-frontale\/"},"wordCount":304,"commentCount":0,"image":{"@id":"https:\/\/www.miet-check.de\/Mietblog\/2022\/03\/18\/pressemitteilung-keine-teilnahme-an-messe-fensterbau-frontale\/#primaryimage"},"thumbnailUrl":"","articleSection":["Pressemitteilung \/ Pressemeldung"],"inLanguage":"de","potentialAction":[{"@type":"CommentAction","name":"Comment","target":["https:\/\/www.miet-check.de\/Mietblog\/2022\/03\/18\/pressemitteilung-keine-teilnahme-an-messe-fensterbau-frontale\/#respond"]}],"dateModified":"2022-03-18T15:23:45+01:00"},{"@type":"WebPage","@id":"https:\/\/www.miet-check.de\/Mietblog\/2022\/03\/18\/pressemitteilung-keine-teilnahme-an-messe-fensterbau-frontale\/","url":"https:\/\/www.miet-check.de\/Mietblog\/2022\/03\/18\/pressemitteilung-keine-teilnahme-an-messe-fensterbau-frontale\/","name":"Pressemitteilung - Keine Teilnahme an Messe Fensterbau Frontale - Magazin f\u00fcr Vermieter","isPartOf":{"@id":"https:\/\/www.miet-check.de\/Mietblog\/#website"},"primaryImageOfPage":{"@id":"https:\/\/www.miet-check.de\/Mietblog\/2022\/03\/18\/pressemitteilung-keine-teilnahme-an-messe-fensterbau-frontale\/#primaryimage"},"image":{"@id":"https:\/\/www.miet-check.de\/Mietblog\/2022\/03\/18\/pressemitteilung-keine-teilnahme-an-messe-fensterbau-frontale\/#primaryimage"},"thumbnailUrl":"","datePublished":"2022-03-18T14:23:45+00:00","author":{"@id":"https:\/\/www.miet-check.de\/Mietblog\/#\/schema\/person\/f6b99f199b07857a56ba6355973ec2c6"},"breadcrumb":{"@id":"https:\/\/www.miet-check.de\/Mietblog\/2022\/03\/18\/pressemitteilung-keine-teilnahme-an-messe-fensterbau-frontale\/#breadcrumb"},"inLanguage":"de","potentialAction":[{"@type":"ReadAction","target":["https:\/\/www.miet-check.de\/Mietblog\/2022\/03\/18\/pressemitteilung-keine-teilnahme-an-messe-fensterbau-frontale\/"]}]},{"@type":"ImageObject","inLanguage":"de","@id":"https:\/\/www.miet-check.de\/Mietblog\/2022\/03\/18\/pressemitteilung-keine-teilnahme-an-messe-fensterbau-frontale\/#primaryimage","url":"","contentUrl":""},{"@type":"BreadcrumbList","@id":"https:\/\/www.miet-check.de\/Mietblog\/2022\/03\/18\/pressemitteilung-keine-teilnahme-an-messe-fensterbau-frontale\/#breadcrumb","itemListElement":[{"@type":"ListItem","position":1,"name":"Startseite","item":"https:\/\/www.miet-check.de\/Mietblog\/"},{"@type":"ListItem","position":2,"name":"Pressemitteilung &#8211; Keine Teilnahme an Messe Fensterbau Frontale"}]},{"@type":"WebSite","@id":"https:\/\/www.miet-check.de\/Mietblog\/#website","url":"https:\/\/www.miet-check.de\/Mietblog\/","name":"Magazin f\u00fcr Vermieter","description":"Mietpreise, Mietrecht, Mieterh\u00f6hung und vieles mehr...","potentialAction":[{"@type":"SearchAction","target":{"@type":"EntryPoint","urlTemplate":"https:\/\/www.miet-check.de\/Mietblog\/?s={search_term_string}"},"query-input":{"@type":"PropertyValueSpecification","valueRequired":true,"valueName":"search_term_string"}}],"inLanguage":"de"},{"@type":"Person","@id":"https:\/\/www.miet-check.de\/Mietblog\/#\/schema\/person\/f6b99f199b07857a56ba6355973ec2c6","name":"Jochen","image":{"@type":"ImageObject","inLanguage":"de","@id":"https:\/\/secure.gravatar.com\/avatar\/1e725b4ceb701c169d6bf0c05c82a79e794268280a82b1454fb7af6156dd02cc?s=96&d=mm&r=g","url":"https:\/\/secure.gravatar.com\/avatar\/1e725b4ceb701c169d6bf0c05c82a79e794268280a82b1454fb7af6156dd02cc?s=96&d=mm&r=g","contentUrl":"https:\/\/secure.gravatar.com\/avatar\/1e725b4ceb701c169d6bf0c05c82a79e794268280a82b1454fb7af6156dd02cc?s=96&d=mm&r=g","caption":"Jochen"},"url":"https:\/\/www.miet-check.de\/Mietblog\/author\/admin\/"}]}},"_links":{"self":[{"href":"https:\/\/www.miet-check.de\/Mietblog\/wp-json\/wp\/v2\/posts\/38149","targetHints":{"allow":["GET"]}}],"collection":[{"href":"https:\/\/www.miet-check.de\/Mietblog\/wp-json\/wp\/v2\/posts"}],"about":[{"href":"https:\/\/www.miet-check.de\/Mietblog\/wp-json\/wp\/v2\/types\/post"}],"author":[{"embeddable":true,"href":"https:\/\/www.miet-check.de\/Mietblog\/wp-json\/wp\/v2\/users\/1"}],"replies":[{"embeddable":true,"href":"https:\/\/www.miet-check.de\/Mietblog\/wp-json\/wp\/v2\/comments?post=38149"}],"version-history":[{"count":0,"href":"https:\/\/www.miet-check.de\/Mietblog\/wp-json\/wp\/v2\/posts\/38149\/revisions"}],"wp:attachment":[{"href":"https:\/\/www.miet-check.de\/Mietblog\/wp-json\/wp\/v2\/media?parent=38149"}],"wp:term":[{"taxonomy":"category","embeddable":true,"href":"https:\/\/www.miet-check.de\/Mietblog\/wp-json\/wp\/v2\/categories?post=38149"},{"taxonomy":"post_tag","embeddable":true,"href":"https:\/\/www.miet-check.de\/Mietblog\/wp-json\/wp\/v2\/tags?post=38149"}],"curies":[{"name":"wp","href":"https:\/\/api.w.org\/{rel}","templated":true}]}}