{"id":40222,"date":"2022-06-08T08:03:48","date_gmt":"2022-06-08T06:03:48","guid":{"rendered":"https:\/\/www.miet-check.de\/Mietblog\/2022\/06\/08\/pressemitteilung-oknoplast-auf-der-fensterbau-frontale-in-nuernberg\/"},"modified":"2022-06-08T08:03:48","modified_gmt":"2022-06-08T06:03:48","slug":"pressemitteilung-oknoplast-auf-der-fensterbau-frontale-in-nuernberg","status":"publish","type":"post","link":"https:\/\/www.miet-check.de\/Mietblog\/2022\/06\/08\/pressemitteilung-oknoplast-auf-der-fensterbau-frontale-in-nuernberg\/","title":{"rendered":"Pressemitteilung &#8211; Oknoplast auf der Fensterbau Frontale in N\u00fcrnberg"},"content":{"rendered":"<p>Ibbenb\u00fcren, 08.06.2022 (lifePR) &#8211; \u00e2\u0080\u009eCO2-Effizienz und Schutz vor Klimaextremen mit nachhaltigen Bauelementen \u00e2\u0080\u0093 unter diesem Motto steht die ift-Sonderschau \u00e2\u0080\u009eGreen Deal vom 12. bis 15. Juli 2022 im Rahmen der Messe Fensterbau Frontale in N\u00fcrnberg. Veranstaltet wird die Schau vom ift Rosenheim. Oknoplast ist einer der zw\u00f6lf Mitaussteller auf dem Stand des ift. Als ift-Mitglied und F\u00f6rderer der ift-Akademie freut sich Oknoplast auf die Begegnung und den Meinungsaustausch mit Partnern sowie interessierten Fachh\u00e4ndlern w\u00e4hrend der Messe.<\/p>\n<p>F\u00fcr produktorientierte Besucher wird Oknoplast das neue Fenster Ecofusion als Balkont\u00fcr vorstellen. Dieses ausgekl\u00fcgelte und top verarbeitete Kunststofffenster aus strukturell verst\u00e4rkten PVC-Profilen mit Hitze reflektierender Beschichtung auf der Au\u00dfenseite ist gleicherma\u00dfen im Neubau und in der Renovierung einsetzbar. Diese Beschichtung reduziert thermische Verformungen. Es hat eine 5-Kammer-Konstruktion mit 76 mm Bautiefe und bietet damit Raum f\u00fcr Doppel- und Dreifachverglasungen, die zus\u00e4tzlich d\u00e4mmen. Mit einer dritten Isolierglasscheibe ist der W\u00e4rmedurchgangskoeffizient mit 0,78 W\/m\u00b2K wegweisend. Die Konstruktion sorgt zudem f\u00fcr einen besseren Schallschutz und steht f\u00fcr hohe Langlebigkeit sowie enorme Stabilit\u00e4t. Weiter ist eine Beschlagl\u00fcftung integriert, und eine Nanobeschichtung aus Titanoxid auf der Verglasung reduziert sch\u00e4dliche organische und anorganische Verbindungen in der Au\u00dfenluft.<\/p>\n<p>Ein Augenmerk richtet Oknoplast auf die Vermittlung der M\u00f6glichkeiten, die Fachpartner aus Handel und Handwerk in deren Tagesgesch\u00e4ft zu unterst\u00fctzen. Neben vielen digitalen Tools, die Gesch\u00e4ftsprozesse erleichtern, die Angebotserstellung vereinfachen und Kontakte zu interessierten Endkunden liefern k\u00f6nnen, steht vor allem der Bafa-Service im Fokus. Denn F\u00f6rderm\u00f6glichkeiten sind h\u00e4ufig ein wesentlicher Faktor bei Investitionsentscheidungen<\/p>\n<p>F\u00fcr Jens Eberhard, Gesch\u00e4ftsf\u00fchrer von Oknoplast, stehen die Kontakte zu den Standbesuchern im Vordergrund: \u00e2\u0080\u009eWir sehen uns nicht nur als Lieferant von Premium-Fenstern, sondern als echter Partner, der das Gesch\u00e4ft unserer Fachhandelspartner sp\u00fcrbar voranbringt und einen wirklichen Mehrwert liefert. Das pr\u00e4sentieren zu k\u00f6nnen und im pers\u00f6nlichen Gespr\u00e4ch zu vertiefen, darauf freuen wir uns in N\u00fcrnberg. Und eines sei an dieser Stelle schon verraten: Die Besucher profitieren auch von einer besonderen Messeaktion.<\/p>\n<p>Interessierte finden Oknoplast auf dem Stand des ift Rosenheim in Halle 1, Stand 339.<\/p>\n<p><strong>Unternehmen<br \/><\/strong>OKNOPLAST <a href=\"https:\/\/www.miet-check.de\/Mietblog\/2026\/07\/28\/mietpreise-deutschland-2026-staedte-ranking\/\">Deutschland<\/a> GmbH<\/p>\n<div style=\"margin-top: 0px; margin-bottom: 0px;\" class=\"sharethis-inline-follow-buttons\" ><\/div>","protected":false},"excerpt":{"rendered":"<p>Ibbenb\u00fcren, 08.06.2022 (lifePR) &#8211; \u00e2\u0080\u009eCO2-Effizienz und Schutz vor Klimaextremen mit nachhaltigen Bauelementen \u00e2\u0080\u0093 unter diesem Motto steht die ift-Sonderschau \u00e2\u0080\u009eGreen Deal vom &hellip;<\/p>\n","protected":false},"author":1,"featured_media":2000000000,"comment_status":"open","ping_status":"open","sticky":false,"template":"","format":"standard","meta":{"_yoast_wpseo_focuskw":"","_yoast_wpseo_title":"","_yoast_wpseo_metadesc":"","footnotes":""},"categories":[431],"tags":[],"class_list":["post-40222","post","type-post","status-publish","format-standard","has-post-thumbnail","hentry","category-pressemitteilung-pressemeldung"],"yoast_head":"<!-- This site is optimized with the Yoast SEO plugin v27.2 - https:\/\/yoast.com\/product\/yoast-seo-wordpress\/ -->\n<title>Pressemitteilung - Oknoplast auf der Fensterbau Frontale in N\u00fcrnberg - Magazin f\u00fcr Vermieter<\/title>\n<meta name=\"robots\" content=\"index, follow, max-snippet:-1, max-image-preview:large, max-video-preview:-1\" \/>\n<link rel=\"canonical\" href=\"https:\/\/www.miet-check.de\/Mietblog\/2022\/06\/08\/pressemitteilung-oknoplast-auf-der-fensterbau-frontale-in-nuernberg\/\" \/>\n<meta property=\"og:locale\" content=\"de_DE\" \/>\n<meta property=\"og:type\" content=\"article\" \/>\n<meta property=\"og:title\" content=\"Pressemitteilung - Oknoplast auf der Fensterbau Frontale in N\u00fcrnberg - Magazin f\u00fcr Vermieter\" \/>\n<meta property=\"og:description\" content=\"Ibbenb\u00fcren, 08.06.2022 (lifePR) &#8211; \u00e2\u0080\u009eCO2-Effizienz und Schutz vor Klimaextremen mit nachhaltigen Bauelementen \u00e2\u0080\u0093 unter diesem Motto steht die ift-Sonderschau \u00e2\u0080\u009eGreen Deal vom &hellip;\" \/>\n<meta property=\"og:url\" content=\"https:\/\/www.miet-check.de\/Mietblog\/2022\/06\/08\/pressemitteilung-oknoplast-auf-der-fensterbau-frontale-in-nuernberg\/\" \/>\n<meta property=\"og:site_name\" content=\"Magazin f\u00fcr Vermieter\" \/>\n<meta property=\"article:published_time\" content=\"2022-06-08T06:03:48+00:00\" \/>\n<meta name=\"author\" content=\"Jochen\" \/>\n<meta name=\"twitter:card\" content=\"summary_large_image\" \/>\n<meta name=\"twitter:label1\" content=\"Verfasst von\" \/>\n\t<meta name=\"twitter:data1\" content=\"Jochen\" \/>\n\t<meta name=\"twitter:label2\" content=\"Gesch\u00e4tzte Lesezeit\" \/>\n\t<meta name=\"twitter:data2\" content=\"2\u00a0Minuten\" \/>\n<script type=\"application\/ld+json\" class=\"yoast-schema-graph\">{\"@context\":\"https:\/\/schema.org\",\"@graph\":[{\"@type\":\"NewsArticle\",\"@id\":\"https:\/\/www.miet-check.de\/Mietblog\/2022\/06\/08\/pressemitteilung-oknoplast-auf-der-fensterbau-frontale-in-nuernberg\/#article\",\"isPartOf\":{\"@id\":\"https:\/\/www.miet-check.de\/Mietblog\/2022\/06\/08\/pressemitteilung-oknoplast-auf-der-fensterbau-frontale-in-nuernberg\/\"},\"author\":{\"name\":\"Jochen\",\"@id\":\"https:\/\/www.miet-check.de\/Mietblog\/#\/schema\/person\/f6b99f199b07857a56ba6355973ec2c6\"},\"headline\":\"Pressemitteilung &#8211; Oknoplast auf der Fensterbau Frontale in N\u00fcrnberg\",\"datePublished\":\"2022-06-08T06:03:48+00:00\",\"mainEntityOfPage\":{\"@id\":\"https:\/\/www.miet-check.de\/Mietblog\/2022\/06\/08\/pressemitteilung-oknoplast-auf-der-fensterbau-frontale-in-nuernberg\/\"},\"wordCount\":373,\"commentCount\":0,\"image\":{\"@id\":\"https:\/\/www.miet-check.de\/Mietblog\/2022\/06\/08\/pressemitteilung-oknoplast-auf-der-fensterbau-frontale-in-nuernberg\/#primaryimage\"},\"thumbnailUrl\":\"\",\"articleSection\":[\"Pressemitteilung \/ Pressemeldung\"],\"inLanguage\":\"de\",\"potentialAction\":[{\"@type\":\"CommentAction\",\"name\":\"Comment\",\"target\":[\"https:\/\/www.miet-check.de\/Mietblog\/2022\/06\/08\/pressemitteilung-oknoplast-auf-der-fensterbau-frontale-in-nuernberg\/#respond\"]}],\"dateModified\":\"2022-06-08T08:03:48+02:00\"},{\"@type\":\"WebPage\",\"@id\":\"https:\/\/www.miet-check.de\/Mietblog\/2022\/06\/08\/pressemitteilung-oknoplast-auf-der-fensterbau-frontale-in-nuernberg\/\",\"url\":\"https:\/\/www.miet-check.de\/Mietblog\/2022\/06\/08\/pressemitteilung-oknoplast-auf-der-fensterbau-frontale-in-nuernberg\/\",\"name\":\"Pressemitteilung - Oknoplast auf der Fensterbau Frontale in N\u00fcrnberg - Magazin f\u00fcr Vermieter\",\"isPartOf\":{\"@id\":\"https:\/\/www.miet-check.de\/Mietblog\/#website\"},\"primaryImageOfPage\":{\"@id\":\"https:\/\/www.miet-check.de\/Mietblog\/2022\/06\/08\/pressemitteilung-oknoplast-auf-der-fensterbau-frontale-in-nuernberg\/#primaryimage\"},\"image\":{\"@id\":\"https:\/\/www.miet-check.de\/Mietblog\/2022\/06\/08\/pressemitteilung-oknoplast-auf-der-fensterbau-frontale-in-nuernberg\/#primaryimage\"},\"thumbnailUrl\":\"\",\"datePublished\":\"2022-06-08T06:03:48+00:00\",\"author\":{\"@id\":\"https:\/\/www.miet-check.de\/Mietblog\/#\/schema\/person\/f6b99f199b07857a56ba6355973ec2c6\"},\"breadcrumb\":{\"@id\":\"https:\/\/www.miet-check.de\/Mietblog\/2022\/06\/08\/pressemitteilung-oknoplast-auf-der-fensterbau-frontale-in-nuernberg\/#breadcrumb\"},\"inLanguage\":\"de\",\"potentialAction\":[{\"@type\":\"ReadAction\",\"target\":[\"https:\/\/www.miet-check.de\/Mietblog\/2022\/06\/08\/pressemitteilung-oknoplast-auf-der-fensterbau-frontale-in-nuernberg\/\"]}]},{\"@type\":\"ImageObject\",\"inLanguage\":\"de\",\"@id\":\"https:\/\/www.miet-check.de\/Mietblog\/2022\/06\/08\/pressemitteilung-oknoplast-auf-der-fensterbau-frontale-in-nuernberg\/#primaryimage\",\"url\":\"\",\"contentUrl\":\"\"},{\"@type\":\"BreadcrumbList\",\"@id\":\"https:\/\/www.miet-check.de\/Mietblog\/2022\/06\/08\/pressemitteilung-oknoplast-auf-der-fensterbau-frontale-in-nuernberg\/#breadcrumb\",\"itemListElement\":[{\"@type\":\"ListItem\",\"position\":1,\"name\":\"Startseite\",\"item\":\"https:\/\/www.miet-check.de\/Mietblog\/\"},{\"@type\":\"ListItem\",\"position\":2,\"name\":\"Pressemitteilung &#8211; Oknoplast auf der Fensterbau Frontale in N\u00fcrnberg\"}]},{\"@type\":\"WebSite\",\"@id\":\"https:\/\/www.miet-check.de\/Mietblog\/#website\",\"url\":\"https:\/\/www.miet-check.de\/Mietblog\/\",\"name\":\"Magazin f\u00fcr Vermieter\",\"description\":\"Mietpreise, Mietrecht, Mieterh\u00f6hung und vieles mehr...\",\"potentialAction\":[{\"@type\":\"SearchAction\",\"target\":{\"@type\":\"EntryPoint\",\"urlTemplate\":\"https:\/\/www.miet-check.de\/Mietblog\/?s={search_term_string}\"},\"query-input\":{\"@type\":\"PropertyValueSpecification\",\"valueRequired\":true,\"valueName\":\"search_term_string\"}}],\"inLanguage\":\"de\"},{\"@type\":\"Person\",\"@id\":\"https:\/\/www.miet-check.de\/Mietblog\/#\/schema\/person\/f6b99f199b07857a56ba6355973ec2c6\",\"name\":\"Jochen\",\"image\":{\"@type\":\"ImageObject\",\"inLanguage\":\"de\",\"@id\":\"https:\/\/secure.gravatar.com\/avatar\/1e725b4ceb701c169d6bf0c05c82a79e794268280a82b1454fb7af6156dd02cc?s=96&d=mm&r=g\",\"url\":\"https:\/\/secure.gravatar.com\/avatar\/1e725b4ceb701c169d6bf0c05c82a79e794268280a82b1454fb7af6156dd02cc?s=96&d=mm&r=g\",\"contentUrl\":\"https:\/\/secure.gravatar.com\/avatar\/1e725b4ceb701c169d6bf0c05c82a79e794268280a82b1454fb7af6156dd02cc?s=96&d=mm&r=g\",\"caption\":\"Jochen\"},\"url\":\"https:\/\/www.miet-check.de\/Mietblog\/author\/admin\/\"}]}<\/script>\n<!-- \/ Yoast SEO plugin. -->","yoast_head_json":{"title":"Pressemitteilung - Oknoplast auf der Fensterbau Frontale in N\u00fcrnberg - Magazin f\u00fcr Vermieter","robots":{"index":"index","follow":"follow","max-snippet":"max-snippet:-1","max-image-preview":"max-image-preview:large","max-video-preview":"max-video-preview:-1"},"canonical":"https:\/\/www.miet-check.de\/Mietblog\/2022\/06\/08\/pressemitteilung-oknoplast-auf-der-fensterbau-frontale-in-nuernberg\/","og_locale":"de_DE","og_type":"article","og_title":"Pressemitteilung - Oknoplast auf der Fensterbau Frontale in N\u00fcrnberg - Magazin f\u00fcr Vermieter","og_description":"Ibbenb\u00fcren, 08.06.2022 (lifePR) &#8211; \u00e2\u0080\u009eCO2-Effizienz und Schutz vor Klimaextremen mit nachhaltigen Bauelementen \u00e2\u0080\u0093 unter diesem Motto steht die ift-Sonderschau \u00e2\u0080\u009eGreen Deal vom &hellip;","og_url":"https:\/\/www.miet-check.de\/Mietblog\/2022\/06\/08\/pressemitteilung-oknoplast-auf-der-fensterbau-frontale-in-nuernberg\/","og_site_name":"Magazin f\u00fcr Vermieter","article_published_time":"2022-06-08T06:03:48+00:00","author":"Jochen","twitter_card":"summary_large_image","twitter_misc":{"Verfasst von":"Jochen","Gesch\u00e4tzte Lesezeit":"2\u00a0Minuten"},"schema":{"@context":"https:\/\/schema.org","@graph":[{"@type":"NewsArticle","@id":"https:\/\/www.miet-check.de\/Mietblog\/2022\/06\/08\/pressemitteilung-oknoplast-auf-der-fensterbau-frontale-in-nuernberg\/#article","isPartOf":{"@id":"https:\/\/www.miet-check.de\/Mietblog\/2022\/06\/08\/pressemitteilung-oknoplast-auf-der-fensterbau-frontale-in-nuernberg\/"},"author":{"name":"Jochen","@id":"https:\/\/www.miet-check.de\/Mietblog\/#\/schema\/person\/f6b99f199b07857a56ba6355973ec2c6"},"headline":"Pressemitteilung &#8211; Oknoplast auf der Fensterbau Frontale in N\u00fcrnberg","datePublished":"2022-06-08T06:03:48+00:00","mainEntityOfPage":{"@id":"https:\/\/www.miet-check.de\/Mietblog\/2022\/06\/08\/pressemitteilung-oknoplast-auf-der-fensterbau-frontale-in-nuernberg\/"},"wordCount":373,"commentCount":0,"image":{"@id":"https:\/\/www.miet-check.de\/Mietblog\/2022\/06\/08\/pressemitteilung-oknoplast-auf-der-fensterbau-frontale-in-nuernberg\/#primaryimage"},"thumbnailUrl":"","articleSection":["Pressemitteilung \/ Pressemeldung"],"inLanguage":"de","potentialAction":[{"@type":"CommentAction","name":"Comment","target":["https:\/\/www.miet-check.de\/Mietblog\/2022\/06\/08\/pressemitteilung-oknoplast-auf-der-fensterbau-frontale-in-nuernberg\/#respond"]}],"dateModified":"2022-06-08T08:03:48+02:00"},{"@type":"WebPage","@id":"https:\/\/www.miet-check.de\/Mietblog\/2022\/06\/08\/pressemitteilung-oknoplast-auf-der-fensterbau-frontale-in-nuernberg\/","url":"https:\/\/www.miet-check.de\/Mietblog\/2022\/06\/08\/pressemitteilung-oknoplast-auf-der-fensterbau-frontale-in-nuernberg\/","name":"Pressemitteilung - Oknoplast auf der Fensterbau Frontale in N\u00fcrnberg - Magazin f\u00fcr Vermieter","isPartOf":{"@id":"https:\/\/www.miet-check.de\/Mietblog\/#website"},"primaryImageOfPage":{"@id":"https:\/\/www.miet-check.de\/Mietblog\/2022\/06\/08\/pressemitteilung-oknoplast-auf-der-fensterbau-frontale-in-nuernberg\/#primaryimage"},"image":{"@id":"https:\/\/www.miet-check.de\/Mietblog\/2022\/06\/08\/pressemitteilung-oknoplast-auf-der-fensterbau-frontale-in-nuernberg\/#primaryimage"},"thumbnailUrl":"","datePublished":"2022-06-08T06:03:48+00:00","author":{"@id":"https:\/\/www.miet-check.de\/Mietblog\/#\/schema\/person\/f6b99f199b07857a56ba6355973ec2c6"},"breadcrumb":{"@id":"https:\/\/www.miet-check.de\/Mietblog\/2022\/06\/08\/pressemitteilung-oknoplast-auf-der-fensterbau-frontale-in-nuernberg\/#breadcrumb"},"inLanguage":"de","potentialAction":[{"@type":"ReadAction","target":["https:\/\/www.miet-check.de\/Mietblog\/2022\/06\/08\/pressemitteilung-oknoplast-auf-der-fensterbau-frontale-in-nuernberg\/"]}]},{"@type":"ImageObject","inLanguage":"de","@id":"https:\/\/www.miet-check.de\/Mietblog\/2022\/06\/08\/pressemitteilung-oknoplast-auf-der-fensterbau-frontale-in-nuernberg\/#primaryimage","url":"","contentUrl":""},{"@type":"BreadcrumbList","@id":"https:\/\/www.miet-check.de\/Mietblog\/2022\/06\/08\/pressemitteilung-oknoplast-auf-der-fensterbau-frontale-in-nuernberg\/#breadcrumb","itemListElement":[{"@type":"ListItem","position":1,"name":"Startseite","item":"https:\/\/www.miet-check.de\/Mietblog\/"},{"@type":"ListItem","position":2,"name":"Pressemitteilung &#8211; Oknoplast auf der Fensterbau Frontale in N\u00fcrnberg"}]},{"@type":"WebSite","@id":"https:\/\/www.miet-check.de\/Mietblog\/#website","url":"https:\/\/www.miet-check.de\/Mietblog\/","name":"Magazin f\u00fcr Vermieter","description":"Mietpreise, Mietrecht, Mieterh\u00f6hung und vieles mehr...","potentialAction":[{"@type":"SearchAction","target":{"@type":"EntryPoint","urlTemplate":"https:\/\/www.miet-check.de\/Mietblog\/?s={search_term_string}"},"query-input":{"@type":"PropertyValueSpecification","valueRequired":true,"valueName":"search_term_string"}}],"inLanguage":"de"},{"@type":"Person","@id":"https:\/\/www.miet-check.de\/Mietblog\/#\/schema\/person\/f6b99f199b07857a56ba6355973ec2c6","name":"Jochen","image":{"@type":"ImageObject","inLanguage":"de","@id":"https:\/\/secure.gravatar.com\/avatar\/1e725b4ceb701c169d6bf0c05c82a79e794268280a82b1454fb7af6156dd02cc?s=96&d=mm&r=g","url":"https:\/\/secure.gravatar.com\/avatar\/1e725b4ceb701c169d6bf0c05c82a79e794268280a82b1454fb7af6156dd02cc?s=96&d=mm&r=g","contentUrl":"https:\/\/secure.gravatar.com\/avatar\/1e725b4ceb701c169d6bf0c05c82a79e794268280a82b1454fb7af6156dd02cc?s=96&d=mm&r=g","caption":"Jochen"},"url":"https:\/\/www.miet-check.de\/Mietblog\/author\/admin\/"}]}},"_links":{"self":[{"href":"https:\/\/www.miet-check.de\/Mietblog\/wp-json\/wp\/v2\/posts\/40222","targetHints":{"allow":["GET"]}}],"collection":[{"href":"https:\/\/www.miet-check.de\/Mietblog\/wp-json\/wp\/v2\/posts"}],"about":[{"href":"https:\/\/www.miet-check.de\/Mietblog\/wp-json\/wp\/v2\/types\/post"}],"author":[{"embeddable":true,"href":"https:\/\/www.miet-check.de\/Mietblog\/wp-json\/wp\/v2\/users\/1"}],"replies":[{"embeddable":true,"href":"https:\/\/www.miet-check.de\/Mietblog\/wp-json\/wp\/v2\/comments?post=40222"}],"version-history":[{"count":0,"href":"https:\/\/www.miet-check.de\/Mietblog\/wp-json\/wp\/v2\/posts\/40222\/revisions"}],"wp:attachment":[{"href":"https:\/\/www.miet-check.de\/Mietblog\/wp-json\/wp\/v2\/media?parent=40222"}],"wp:term":[{"taxonomy":"category","embeddable":true,"href":"https:\/\/www.miet-check.de\/Mietblog\/wp-json\/wp\/v2\/categories?post=40222"},{"taxonomy":"post_tag","embeddable":true,"href":"https:\/\/www.miet-check.de\/Mietblog\/wp-json\/wp\/v2\/tags?post=40222"}],"curies":[{"name":"wp","href":"https:\/\/api.w.org\/{rel}","templated":true}]}}