{"id":40230,"date":"2022-06-08T12:53:51","date_gmt":"2022-06-08T10:53:51","guid":{"rendered":"https:\/\/www.miet-check.de\/Mietblog\/2022\/06\/08\/pressemitteilung-der-schweizer-online-moebelhaendler-beliani-will-den-umsatz-vervierfachen-investition-von-70-millionen-franken-fuer-neue-lagerflaechen-in-deutschland\/"},"modified":"2022-06-08T12:53:51","modified_gmt":"2022-06-08T10:53:51","slug":"pressemitteilung-der-schweizer-online-moebelhaendler-beliani-will-den-umsatz-vervierfachen-investition-von-70-millionen-franken-fuer-neue-lagerflaechen-in-deutschland","status":"publish","type":"post","link":"https:\/\/www.miet-check.de\/Mietblog\/2022\/06\/08\/pressemitteilung-der-schweizer-online-moebelhaendler-beliani-will-den-umsatz-vervierfachen-investition-von-70-millionen-franken-fuer-neue-lagerflaechen-in-deutschland\/","title":{"rendered":"Pressemitteilung &#8211; Der Schweizer Online-M\u00f6belh\u00e4ndler Beliani will den Umsatz vervierfachen- Investition von 70 Millionen Franken f\u00fcr neue Lagerfl\u00e4chen in Deutschland"},"content":{"rendered":"<p>Baar, 08.06.2022 (lifePR) &#8211; Verglichen mit den anderen Schweizer Online- H\u00e4ndlern haben Stephan Widmer und sein Bruder Michael fr\u00fch direkt auf eine Expansion in ganz Europa gesetzt. Die Firmenzentrale in der Schweiz in Baar (Kanton Zug), das Logistikzentrum in Norddeutschland und die B\u00fcrogeb\u00e4ude in Polen. Der Expansionsplan f\u00fcr Beliani wird zur Realit\u00e4t: \u00abIn den letzten f\u00fcnf Jahren sind wir j\u00e4hrlich um 40\u00e2\u0080\u0089\u00e2\u0080\u0089Prozent gewachsen\u00bb, sagt Stephan Widmer, Co-Gr\u00fcnder und CEO des Online-M\u00f6belh\u00e4ndlers. Mit 600 Mitarbeitenden hat Beliani die j\u00e4hrliche 100-Millionen-Schwelle \u00fcberschritten und f\u00fchlt sich umso st\u00e4rker f\u00fcr weitere Umsatzsteigerungen. All das soll dank eines massiven Ausbaus des Lagers bei Hamburg gelingen. 2016 begann der M\u00f6belh\u00e4ndler dort mit 20\u00e2\u0080\u0089000 Quadratmetern, stockte vier Jahre sp\u00e4ter mit 50\u00e2\u0080\u0089000 auf. Aufgrund des unaufhaltsamen Wachstums, erfolgt nun aktuell wieder ein grosser Ausbau: Heute er\u00f6ffnen weitere Lagerm\u00f6glichkeiten\u00e2\u0080\u0093 insgesamt 120\u00e2\u0080\u0089000 Quadratmeter, das vergleichbar mit 460 Tennisfeldern ist, umfasst dann die Gesamtfl\u00e4che. Etwa 70 Millionen Franken f\u00fcr Bau und Inventar investieren die Gesch\u00e4ftsf\u00fchrer. Die frisch gebauten Lagerfl\u00e4chen sollen mehr Sortimentstiefe erlauben und die Kapazit\u00e4ten bis zu einem Umsatz von 400 Mio erm\u00f6glichen. \u00abWir wollen in jeder Kategorie zu den besten Anbietern geh\u00f6ren\u00bb, sagt Stephan Widmer. Das bedeutet: Mehr Sofas als der Konkurrent Pfister und anzahlm\u00e4ssig mehr Betten als Ikea. Besonders wachsen m\u00f6chte Beliani im weniger sperrigen Dekosortiment.<\/p>\n<p><strong>Unternehmen<br \/><\/strong>Beliani GmbH<\/p>\n<div style=\"margin-top: 0px; margin-bottom: 0px;\" class=\"sharethis-inline-follow-buttons\" ><\/div>","protected":false},"excerpt":{"rendered":"<p>Baar, 08.06.2022 (lifePR) &#8211; Verglichen mit den anderen Schweizer Online- H\u00e4ndlern haben Stephan Widmer und sein Bruder Michael fr\u00fch direkt auf eine &hellip;<\/p>\n","protected":false},"author":1,"featured_media":2000000000,"comment_status":"open","ping_status":"open","sticky":false,"template":"","format":"standard","meta":{"_yoast_wpseo_focuskw":"","_yoast_wpseo_title":"","_yoast_wpseo_metadesc":"","footnotes":""},"categories":[431],"tags":[],"class_list":["post-40230","post","type-post","status-publish","format-standard","has-post-thumbnail","hentry","category-pressemitteilung-pressemeldung"],"yoast_head":"<!-- This site is optimized with the Yoast SEO plugin v27.2 - https:\/\/yoast.com\/product\/yoast-seo-wordpress\/ -->\n<title>Pressemitteilung - Der Schweizer Online-M\u00f6belh\u00e4ndler Beliani will den Umsatz vervierfachen- Investition von 70 Millionen Franken f\u00fcr neue Lagerfl\u00e4chen in Deutschland - Magazin f\u00fcr Vermieter<\/title>\n<meta name=\"robots\" content=\"index, follow, max-snippet:-1, max-image-preview:large, max-video-preview:-1\" \/>\n<link rel=\"canonical\" href=\"https:\/\/www.miet-check.de\/Mietblog\/2022\/06\/08\/pressemitteilung-der-schweizer-online-moebelhaendler-beliani-will-den-umsatz-vervierfachen-investition-von-70-millionen-franken-fuer-neue-lagerflaechen-in-deutschland\/\" \/>\n<meta property=\"og:locale\" content=\"de_DE\" \/>\n<meta property=\"og:type\" content=\"article\" \/>\n<meta property=\"og:title\" content=\"Pressemitteilung - Der Schweizer Online-M\u00f6belh\u00e4ndler Beliani will den Umsatz vervierfachen- Investition von 70 Millionen Franken f\u00fcr neue Lagerfl\u00e4chen in Deutschland - Magazin f\u00fcr Vermieter\" \/>\n<meta property=\"og:description\" content=\"Baar, 08.06.2022 (lifePR) &#8211; Verglichen mit den anderen Schweizer Online- H\u00e4ndlern haben Stephan Widmer und sein Bruder Michael fr\u00fch direkt auf eine &hellip;\" \/>\n<meta property=\"og:url\" content=\"https:\/\/www.miet-check.de\/Mietblog\/2022\/06\/08\/pressemitteilung-der-schweizer-online-moebelhaendler-beliani-will-den-umsatz-vervierfachen-investition-von-70-millionen-franken-fuer-neue-lagerflaechen-in-deutschland\/\" \/>\n<meta property=\"og:site_name\" content=\"Magazin f\u00fcr Vermieter\" \/>\n<meta property=\"article:published_time\" content=\"2022-06-08T10:53:51+00:00\" \/>\n<meta name=\"author\" content=\"Jochen\" \/>\n<meta name=\"twitter:card\" content=\"summary_large_image\" \/>\n<meta name=\"twitter:label1\" content=\"Verfasst von\" \/>\n\t<meta name=\"twitter:data1\" content=\"Jochen\" \/>\n\t<meta name=\"twitter:label2\" content=\"Gesch\u00e4tzte Lesezeit\" \/>\n\t<meta name=\"twitter:data2\" content=\"1\u00a0Minute\" \/>\n<script type=\"application\/ld+json\" class=\"yoast-schema-graph\">{\"@context\":\"https:\/\/schema.org\",\"@graph\":[{\"@type\":\"NewsArticle\",\"@id\":\"https:\/\/www.miet-check.de\/Mietblog\/2022\/06\/08\/pressemitteilung-der-schweizer-online-moebelhaendler-beliani-will-den-umsatz-vervierfachen-investition-von-70-millionen-franken-fuer-neue-lagerflaechen-in-deutschland\/#article\",\"isPartOf\":{\"@id\":\"https:\/\/www.miet-check.de\/Mietblog\/2022\/06\/08\/pressemitteilung-der-schweizer-online-moebelhaendler-beliani-will-den-umsatz-vervierfachen-investition-von-70-millionen-franken-fuer-neue-lagerflaechen-in-deutschland\/\"},\"author\":{\"name\":\"Jochen\",\"@id\":\"https:\/\/www.miet-check.de\/Mietblog\/#\/schema\/person\/f6b99f199b07857a56ba6355973ec2c6\"},\"headline\":\"Pressemitteilung &#8211; Der Schweizer Online-M\u00f6belh\u00e4ndler Beliani will den Umsatz vervierfachen- Investition von 70 Millionen Franken f\u00fcr neue Lagerfl\u00e4chen in Deutschland\",\"datePublished\":\"2022-06-08T10:53:51+00:00\",\"mainEntityOfPage\":{\"@id\":\"https:\/\/www.miet-check.de\/Mietblog\/2022\/06\/08\/pressemitteilung-der-schweizer-online-moebelhaendler-beliani-will-den-umsatz-vervierfachen-investition-von-70-millionen-franken-fuer-neue-lagerflaechen-in-deutschland\/\"},\"wordCount\":255,\"commentCount\":0,\"image\":{\"@id\":\"https:\/\/www.miet-check.de\/Mietblog\/2022\/06\/08\/pressemitteilung-der-schweizer-online-moebelhaendler-beliani-will-den-umsatz-vervierfachen-investition-von-70-millionen-franken-fuer-neue-lagerflaechen-in-deutschland\/#primaryimage\"},\"thumbnailUrl\":\"\",\"articleSection\":[\"Pressemitteilung \/ Pressemeldung\"],\"inLanguage\":\"de\",\"potentialAction\":[{\"@type\":\"CommentAction\",\"name\":\"Comment\",\"target\":[\"https:\/\/www.miet-check.de\/Mietblog\/2022\/06\/08\/pressemitteilung-der-schweizer-online-moebelhaendler-beliani-will-den-umsatz-vervierfachen-investition-von-70-millionen-franken-fuer-neue-lagerflaechen-in-deutschland\/#respond\"]}],\"dateModified\":\"2022-06-08T12:53:51+02:00\"},{\"@type\":\"WebPage\",\"@id\":\"https:\/\/www.miet-check.de\/Mietblog\/2022\/06\/08\/pressemitteilung-der-schweizer-online-moebelhaendler-beliani-will-den-umsatz-vervierfachen-investition-von-70-millionen-franken-fuer-neue-lagerflaechen-in-deutschland\/\",\"url\":\"https:\/\/www.miet-check.de\/Mietblog\/2022\/06\/08\/pressemitteilung-der-schweizer-online-moebelhaendler-beliani-will-den-umsatz-vervierfachen-investition-von-70-millionen-franken-fuer-neue-lagerflaechen-in-deutschland\/\",\"name\":\"Pressemitteilung - Der Schweizer Online-M\u00f6belh\u00e4ndler Beliani will den Umsatz vervierfachen- Investition von 70 Millionen Franken f\u00fcr neue Lagerfl\u00e4chen in Deutschland - Magazin f\u00fcr Vermieter\",\"isPartOf\":{\"@id\":\"https:\/\/www.miet-check.de\/Mietblog\/#website\"},\"primaryImageOfPage\":{\"@id\":\"https:\/\/www.miet-check.de\/Mietblog\/2022\/06\/08\/pressemitteilung-der-schweizer-online-moebelhaendler-beliani-will-den-umsatz-vervierfachen-investition-von-70-millionen-franken-fuer-neue-lagerflaechen-in-deutschland\/#primaryimage\"},\"image\":{\"@id\":\"https:\/\/www.miet-check.de\/Mietblog\/2022\/06\/08\/pressemitteilung-der-schweizer-online-moebelhaendler-beliani-will-den-umsatz-vervierfachen-investition-von-70-millionen-franken-fuer-neue-lagerflaechen-in-deutschland\/#primaryimage\"},\"thumbnailUrl\":\"\",\"datePublished\":\"2022-06-08T10:53:51+00:00\",\"author\":{\"@id\":\"https:\/\/www.miet-check.de\/Mietblog\/#\/schema\/person\/f6b99f199b07857a56ba6355973ec2c6\"},\"breadcrumb\":{\"@id\":\"https:\/\/www.miet-check.de\/Mietblog\/2022\/06\/08\/pressemitteilung-der-schweizer-online-moebelhaendler-beliani-will-den-umsatz-vervierfachen-investition-von-70-millionen-franken-fuer-neue-lagerflaechen-in-deutschland\/#breadcrumb\"},\"inLanguage\":\"de\",\"potentialAction\":[{\"@type\":\"ReadAction\",\"target\":[\"https:\/\/www.miet-check.de\/Mietblog\/2022\/06\/08\/pressemitteilung-der-schweizer-online-moebelhaendler-beliani-will-den-umsatz-vervierfachen-investition-von-70-millionen-franken-fuer-neue-lagerflaechen-in-deutschland\/\"]}]},{\"@type\":\"ImageObject\",\"inLanguage\":\"de\",\"@id\":\"https:\/\/www.miet-check.de\/Mietblog\/2022\/06\/08\/pressemitteilung-der-schweizer-online-moebelhaendler-beliani-will-den-umsatz-vervierfachen-investition-von-70-millionen-franken-fuer-neue-lagerflaechen-in-deutschland\/#primaryimage\",\"url\":\"\",\"contentUrl\":\"\"},{\"@type\":\"BreadcrumbList\",\"@id\":\"https:\/\/www.miet-check.de\/Mietblog\/2022\/06\/08\/pressemitteilung-der-schweizer-online-moebelhaendler-beliani-will-den-umsatz-vervierfachen-investition-von-70-millionen-franken-fuer-neue-lagerflaechen-in-deutschland\/#breadcrumb\",\"itemListElement\":[{\"@type\":\"ListItem\",\"position\":1,\"name\":\"Startseite\",\"item\":\"https:\/\/www.miet-check.de\/Mietblog\/\"},{\"@type\":\"ListItem\",\"position\":2,\"name\":\"Pressemitteilung &#8211; Der Schweizer Online-M\u00f6belh\u00e4ndler Beliani will den Umsatz vervierfachen- Investition von 70 Millionen Franken f\u00fcr neue Lagerfl\u00e4chen in Deutschland\"}]},{\"@type\":\"WebSite\",\"@id\":\"https:\/\/www.miet-check.de\/Mietblog\/#website\",\"url\":\"https:\/\/www.miet-check.de\/Mietblog\/\",\"name\":\"Magazin f\u00fcr Vermieter\",\"description\":\"Mietpreise, Mietrecht, Mieterh\u00f6hung und vieles mehr...\",\"potentialAction\":[{\"@type\":\"SearchAction\",\"target\":{\"@type\":\"EntryPoint\",\"urlTemplate\":\"https:\/\/www.miet-check.de\/Mietblog\/?s={search_term_string}\"},\"query-input\":{\"@type\":\"PropertyValueSpecification\",\"valueRequired\":true,\"valueName\":\"search_term_string\"}}],\"inLanguage\":\"de\"},{\"@type\":\"Person\",\"@id\":\"https:\/\/www.miet-check.de\/Mietblog\/#\/schema\/person\/f6b99f199b07857a56ba6355973ec2c6\",\"name\":\"Jochen\",\"image\":{\"@type\":\"ImageObject\",\"inLanguage\":\"de\",\"@id\":\"https:\/\/secure.gravatar.com\/avatar\/1e725b4ceb701c169d6bf0c05c82a79e794268280a82b1454fb7af6156dd02cc?s=96&d=mm&r=g\",\"url\":\"https:\/\/secure.gravatar.com\/avatar\/1e725b4ceb701c169d6bf0c05c82a79e794268280a82b1454fb7af6156dd02cc?s=96&d=mm&r=g\",\"contentUrl\":\"https:\/\/secure.gravatar.com\/avatar\/1e725b4ceb701c169d6bf0c05c82a79e794268280a82b1454fb7af6156dd02cc?s=96&d=mm&r=g\",\"caption\":\"Jochen\"},\"url\":\"https:\/\/www.miet-check.de\/Mietblog\/author\/admin\/\"}]}<\/script>\n<!-- \/ Yoast SEO plugin. -->","yoast_head_json":{"title":"Pressemitteilung - Der Schweizer Online-M\u00f6belh\u00e4ndler Beliani will den Umsatz vervierfachen- Investition von 70 Millionen Franken f\u00fcr neue Lagerfl\u00e4chen in Deutschland - Magazin f\u00fcr Vermieter","robots":{"index":"index","follow":"follow","max-snippet":"max-snippet:-1","max-image-preview":"max-image-preview:large","max-video-preview":"max-video-preview:-1"},"canonical":"https:\/\/www.miet-check.de\/Mietblog\/2022\/06\/08\/pressemitteilung-der-schweizer-online-moebelhaendler-beliani-will-den-umsatz-vervierfachen-investition-von-70-millionen-franken-fuer-neue-lagerflaechen-in-deutschland\/","og_locale":"de_DE","og_type":"article","og_title":"Pressemitteilung - Der Schweizer Online-M\u00f6belh\u00e4ndler Beliani will den Umsatz vervierfachen- Investition von 70 Millionen Franken f\u00fcr neue Lagerfl\u00e4chen in Deutschland - Magazin f\u00fcr Vermieter","og_description":"Baar, 08.06.2022 (lifePR) &#8211; Verglichen mit den anderen Schweizer Online- H\u00e4ndlern haben Stephan Widmer und sein Bruder Michael fr\u00fch direkt auf eine &hellip;","og_url":"https:\/\/www.miet-check.de\/Mietblog\/2022\/06\/08\/pressemitteilung-der-schweizer-online-moebelhaendler-beliani-will-den-umsatz-vervierfachen-investition-von-70-millionen-franken-fuer-neue-lagerflaechen-in-deutschland\/","og_site_name":"Magazin f\u00fcr Vermieter","article_published_time":"2022-06-08T10:53:51+00:00","author":"Jochen","twitter_card":"summary_large_image","twitter_misc":{"Verfasst von":"Jochen","Gesch\u00e4tzte Lesezeit":"1\u00a0Minute"},"schema":{"@context":"https:\/\/schema.org","@graph":[{"@type":"NewsArticle","@id":"https:\/\/www.miet-check.de\/Mietblog\/2022\/06\/08\/pressemitteilung-der-schweizer-online-moebelhaendler-beliani-will-den-umsatz-vervierfachen-investition-von-70-millionen-franken-fuer-neue-lagerflaechen-in-deutschland\/#article","isPartOf":{"@id":"https:\/\/www.miet-check.de\/Mietblog\/2022\/06\/08\/pressemitteilung-der-schweizer-online-moebelhaendler-beliani-will-den-umsatz-vervierfachen-investition-von-70-millionen-franken-fuer-neue-lagerflaechen-in-deutschland\/"},"author":{"name":"Jochen","@id":"https:\/\/www.miet-check.de\/Mietblog\/#\/schema\/person\/f6b99f199b07857a56ba6355973ec2c6"},"headline":"Pressemitteilung &#8211; Der Schweizer Online-M\u00f6belh\u00e4ndler Beliani will den Umsatz vervierfachen- Investition von 70 Millionen Franken f\u00fcr neue Lagerfl\u00e4chen in Deutschland","datePublished":"2022-06-08T10:53:51+00:00","mainEntityOfPage":{"@id":"https:\/\/www.miet-check.de\/Mietblog\/2022\/06\/08\/pressemitteilung-der-schweizer-online-moebelhaendler-beliani-will-den-umsatz-vervierfachen-investition-von-70-millionen-franken-fuer-neue-lagerflaechen-in-deutschland\/"},"wordCount":255,"commentCount":0,"image":{"@id":"https:\/\/www.miet-check.de\/Mietblog\/2022\/06\/08\/pressemitteilung-der-schweizer-online-moebelhaendler-beliani-will-den-umsatz-vervierfachen-investition-von-70-millionen-franken-fuer-neue-lagerflaechen-in-deutschland\/#primaryimage"},"thumbnailUrl":"","articleSection":["Pressemitteilung \/ Pressemeldung"],"inLanguage":"de","potentialAction":[{"@type":"CommentAction","name":"Comment","target":["https:\/\/www.miet-check.de\/Mietblog\/2022\/06\/08\/pressemitteilung-der-schweizer-online-moebelhaendler-beliani-will-den-umsatz-vervierfachen-investition-von-70-millionen-franken-fuer-neue-lagerflaechen-in-deutschland\/#respond"]}],"dateModified":"2022-06-08T12:53:51+02:00"},{"@type":"WebPage","@id":"https:\/\/www.miet-check.de\/Mietblog\/2022\/06\/08\/pressemitteilung-der-schweizer-online-moebelhaendler-beliani-will-den-umsatz-vervierfachen-investition-von-70-millionen-franken-fuer-neue-lagerflaechen-in-deutschland\/","url":"https:\/\/www.miet-check.de\/Mietblog\/2022\/06\/08\/pressemitteilung-der-schweizer-online-moebelhaendler-beliani-will-den-umsatz-vervierfachen-investition-von-70-millionen-franken-fuer-neue-lagerflaechen-in-deutschland\/","name":"Pressemitteilung - Der Schweizer Online-M\u00f6belh\u00e4ndler Beliani will den Umsatz vervierfachen- Investition von 70 Millionen Franken f\u00fcr neue Lagerfl\u00e4chen in Deutschland - Magazin f\u00fcr Vermieter","isPartOf":{"@id":"https:\/\/www.miet-check.de\/Mietblog\/#website"},"primaryImageOfPage":{"@id":"https:\/\/www.miet-check.de\/Mietblog\/2022\/06\/08\/pressemitteilung-der-schweizer-online-moebelhaendler-beliani-will-den-umsatz-vervierfachen-investition-von-70-millionen-franken-fuer-neue-lagerflaechen-in-deutschland\/#primaryimage"},"image":{"@id":"https:\/\/www.miet-check.de\/Mietblog\/2022\/06\/08\/pressemitteilung-der-schweizer-online-moebelhaendler-beliani-will-den-umsatz-vervierfachen-investition-von-70-millionen-franken-fuer-neue-lagerflaechen-in-deutschland\/#primaryimage"},"thumbnailUrl":"","datePublished":"2022-06-08T10:53:51+00:00","author":{"@id":"https:\/\/www.miet-check.de\/Mietblog\/#\/schema\/person\/f6b99f199b07857a56ba6355973ec2c6"},"breadcrumb":{"@id":"https:\/\/www.miet-check.de\/Mietblog\/2022\/06\/08\/pressemitteilung-der-schweizer-online-moebelhaendler-beliani-will-den-umsatz-vervierfachen-investition-von-70-millionen-franken-fuer-neue-lagerflaechen-in-deutschland\/#breadcrumb"},"inLanguage":"de","potentialAction":[{"@type":"ReadAction","target":["https:\/\/www.miet-check.de\/Mietblog\/2022\/06\/08\/pressemitteilung-der-schweizer-online-moebelhaendler-beliani-will-den-umsatz-vervierfachen-investition-von-70-millionen-franken-fuer-neue-lagerflaechen-in-deutschland\/"]}]},{"@type":"ImageObject","inLanguage":"de","@id":"https:\/\/www.miet-check.de\/Mietblog\/2022\/06\/08\/pressemitteilung-der-schweizer-online-moebelhaendler-beliani-will-den-umsatz-vervierfachen-investition-von-70-millionen-franken-fuer-neue-lagerflaechen-in-deutschland\/#primaryimage","url":"","contentUrl":""},{"@type":"BreadcrumbList","@id":"https:\/\/www.miet-check.de\/Mietblog\/2022\/06\/08\/pressemitteilung-der-schweizer-online-moebelhaendler-beliani-will-den-umsatz-vervierfachen-investition-von-70-millionen-franken-fuer-neue-lagerflaechen-in-deutschland\/#breadcrumb","itemListElement":[{"@type":"ListItem","position":1,"name":"Startseite","item":"https:\/\/www.miet-check.de\/Mietblog\/"},{"@type":"ListItem","position":2,"name":"Pressemitteilung &#8211; Der Schweizer Online-M\u00f6belh\u00e4ndler Beliani will den Umsatz vervierfachen- Investition von 70 Millionen Franken f\u00fcr neue Lagerfl\u00e4chen in Deutschland"}]},{"@type":"WebSite","@id":"https:\/\/www.miet-check.de\/Mietblog\/#website","url":"https:\/\/www.miet-check.de\/Mietblog\/","name":"Magazin f\u00fcr Vermieter","description":"Mietpreise, Mietrecht, Mieterh\u00f6hung und vieles mehr...","potentialAction":[{"@type":"SearchAction","target":{"@type":"EntryPoint","urlTemplate":"https:\/\/www.miet-check.de\/Mietblog\/?s={search_term_string}"},"query-input":{"@type":"PropertyValueSpecification","valueRequired":true,"valueName":"search_term_string"}}],"inLanguage":"de"},{"@type":"Person","@id":"https:\/\/www.miet-check.de\/Mietblog\/#\/schema\/person\/f6b99f199b07857a56ba6355973ec2c6","name":"Jochen","image":{"@type":"ImageObject","inLanguage":"de","@id":"https:\/\/secure.gravatar.com\/avatar\/1e725b4ceb701c169d6bf0c05c82a79e794268280a82b1454fb7af6156dd02cc?s=96&d=mm&r=g","url":"https:\/\/secure.gravatar.com\/avatar\/1e725b4ceb701c169d6bf0c05c82a79e794268280a82b1454fb7af6156dd02cc?s=96&d=mm&r=g","contentUrl":"https:\/\/secure.gravatar.com\/avatar\/1e725b4ceb701c169d6bf0c05c82a79e794268280a82b1454fb7af6156dd02cc?s=96&d=mm&r=g","caption":"Jochen"},"url":"https:\/\/www.miet-check.de\/Mietblog\/author\/admin\/"}]}},"_links":{"self":[{"href":"https:\/\/www.miet-check.de\/Mietblog\/wp-json\/wp\/v2\/posts\/40230","targetHints":{"allow":["GET"]}}],"collection":[{"href":"https:\/\/www.miet-check.de\/Mietblog\/wp-json\/wp\/v2\/posts"}],"about":[{"href":"https:\/\/www.miet-check.de\/Mietblog\/wp-json\/wp\/v2\/types\/post"}],"author":[{"embeddable":true,"href":"https:\/\/www.miet-check.de\/Mietblog\/wp-json\/wp\/v2\/users\/1"}],"replies":[{"embeddable":true,"href":"https:\/\/www.miet-check.de\/Mietblog\/wp-json\/wp\/v2\/comments?post=40230"}],"version-history":[{"count":0,"href":"https:\/\/www.miet-check.de\/Mietblog\/wp-json\/wp\/v2\/posts\/40230\/revisions"}],"wp:attachment":[{"href":"https:\/\/www.miet-check.de\/Mietblog\/wp-json\/wp\/v2\/media?parent=40230"}],"wp:term":[{"taxonomy":"category","embeddable":true,"href":"https:\/\/www.miet-check.de\/Mietblog\/wp-json\/wp\/v2\/categories?post=40230"},{"taxonomy":"post_tag","embeddable":true,"href":"https:\/\/www.miet-check.de\/Mietblog\/wp-json\/wp\/v2\/tags?post=40230"}],"curies":[{"name":"wp","href":"https:\/\/api.w.org\/{rel}","templated":true}]}}