{"id":43839,"date":"2022-11-02T13:52:42","date_gmt":"2022-11-02T12:52:42","guid":{"rendered":"https:\/\/www.miet-check.de\/Mietblog\/2022\/11\/02\/pressemitteilung-wohnungswirtschaft-kompromiss-mit-den-volksinitiativen-ist-eine-a%c2%80%c2%9edramatische-fehlentscheidung\/"},"modified":"2022-11-02T13:52:42","modified_gmt":"2022-11-02T12:52:42","slug":"pressemitteilung-wohnungswirtschaft-kompromiss-mit-den-volksinitiativen-ist-eine-a%c2%80%c2%9edramatische-fehlentscheidung","status":"publish","type":"post","link":"https:\/\/www.miet-check.de\/Mietblog\/2022\/11\/02\/pressemitteilung-wohnungswirtschaft-kompromiss-mit-den-volksinitiativen-ist-eine-a%c2%80%c2%9edramatische-fehlentscheidung\/","title":{"rendered":"Pressemitteilung &#8211; Wohnungswirtschaft: Kompromiss mit den Volksinitiativen ist eine \u00e2\u0080\u009edramatische Fehlentscheidung"},"content":{"rendered":"<p>Hamburg, 02.11.2022 (lifePR) &#8211;<\/p>\n<p>Gef\u00e4hrdung f\u00fcr den Wohnungsbau<\/p>\n<p>Finanzierung unklar<\/p>\n<p>Der Kompromiss der Stadt mit den Volksinitiativen \u00e2\u0080\u009eKeine Profite mit Boden und Miete wird die Probleme auf dem Hamburger Wohnungsmarkt noch weiter versch\u00e4rfen. Davon sind die wohnungswirtschaftlichen Verb\u00e4nde im Hamburger B\u00fcndnis f\u00fcr das Wohnen \u00e2\u0080\u0093 der BFW Landesverband Nord, der Grundeigent\u00fcmer-Verband Hamburg, der IVD Nord sowie der Verband norddeutscher Wohnungsunternehmen (VNW) \u00e2\u0080\u0093 \u00fcberzeugt.\u00a0<\/p>\n<p>\u00e2\u0080\u009eDer Kompromiss mit den Volksinitiativen wird nicht dazu f\u00fchren, dass mehr bezahlbarer Wohnraum entsteht. Stattdessen gef\u00e4hrdet er den Bau von gef\u00f6rderten und frei finanzierten Wohnungen auf den Grundst\u00fccken der Stadt erheblich. Insofern halten wir ihn f\u00fcr eine dramatische Fehlentscheidung, hei\u00dft es in einer gemeinsamen Erkl\u00e4rung der wohnungswirtschaftlichen Verb\u00e4nde.\u00a0<\/p>\n<p>Finanzierung sichern<\/p>\n<p>\u00e2\u0080\u009eMit 100-j\u00e4hrigen Mietpreisbindungen auf einem Niveau unterhalb des Mittelwertes des Mietenspiegels lassen sich Finanzierungen \u00fcber den gesamten Zeitraum ohne \u00f6ffentliche F\u00f6rderung nicht kalkulierbar durchf\u00fchren. Die F\u00f6rderungen im sozialen Wohnungsbau laufen derzeit \u00fcber einen Zeitraum von 30 Jahren. Ein Finanzierungsinstitut zu finden, dass den Zeitraum nach diesen 30 Jahren bei geringen Mieteinnahmen finanziert, ist aus heutiger Sicht schwierig bis unm\u00f6glich. Da werden sich seri\u00f6se Bauherren f\u00fcr solche Konzepte \u00a0nur schwerlich finden, so die Einsch\u00e4tzung der Verb\u00e4nde.\u00a0<\/p>\n<p>Die wohnungswirtschaflichen Verb\u00e4nde erwarten, dass die Stadt Hamburg zus\u00e4tzliche F\u00f6rdermittel zur Verf\u00fcgung stellt, um die Finanzierung der verg\u00fcnstigten Wohnungen langfristig zu erm\u00f6glichen. \u00e2\u0080\u009eDie Vermietung von Neubauwohnungen zu Mietpreisen, die dem gef\u00f6rderten Wohnungsbau entsprechen, ist in Anbetracht der gestiegenen Baukosten ohne eine drastische Erh\u00f6hung der F\u00f6rderung wirtschaftlich nicht darstellbar \u00e2\u0080\u0093 nicht fu\u00cc\u0088r kommunale Unternehmen, nicht fu\u00cc\u0088r Genossenschaften und nicht fu\u00cc\u0088r private Vermieterinnen und Vermieter. Wie das finanziert werden soll, ist vollkommen unklar, zumal gleichzeitig der Wohnungsbestand der Stadt klimaneutral umgebaut werden soll, hei\u00dft es in der gemeinsamen Erkl\u00e4rung.\u00a0<\/p>\n<p>Nicht die Fehler der 60er- und 70er-Jahre wiederholen<\/p>\n<p>Die geplante Kompromissregelung f\u00fchre in den betroffenen Quartieren \u00a0ferner zu \u00a0einer Ballung von gef\u00f6rderten Wohnungen \u00e2\u0080\u0093 mit einer Quote von mindestens 56 Prozent. \u00a0Der bew\u00e4hrte Drittelmix, in dem der Anteil von \u00f6ffentlich gef\u00f6rderten Wohnungen mit dem letzten B\u00fcndnisvertrag bereits auf 35 Prozent erh\u00f6ht wurde, werde somit ausgehebelt. \u00e2\u0080\u009eDer Anteil der gef\u00f6rderten Wohnungen kann sogar noch steigen, wenn die Stadt nicht j\u00e4hrlich Fl\u00e4chen f\u00fcr mindestens 3.000 Wohneinheiten zur Verf\u00fcgung stellt. Denn der Kompromiss garantiert der Initiative auf jeden Fall 1.000 Wohnungen nach dieser Regelung. Somit \u00a0besteht die Gefahr, dass sich dort die Fehler der 60er- und 70er-Jahre wiederholen und es zu sozial \u00fcberforderten Quartieren kommt. Hier kommt es dann auf ein gutes Quartiersmanagement an, so die wohnungswirtschaftlichen Verb\u00e4nde.\u00a0<\/p>\n<p>Zudem sei es fraglich, woher die vereinbarten Fl\u00e4chen f\u00fcr den Wohnungsbau nach den gesonderten Regelungen kommen sollen. \u00e2\u0080\u009eBaugrundst\u00fccke sind in Hamburg schon seit Langem Mangelware. Insofern wundern wir uns \u00fcber die Zahlen, die jetzt im Raum stehen, erkl\u00e4rten die Verb\u00e4nde der Wohnungswirtschaft.\u00a0<\/p>\n<p>*Dem Hamburger B\u00fcndnis f\u00fcr das Wohnen geh\u00f6ren von Seiten der Wohnungswirtschaft der st\u00e4dtische Wohnungskonzern SAGA, der Hamburger Grundeigent\u00fcmer-Verband, der Landesverband Nord des Bundesverbands Freier Immobilien- und Wohnungsunternehmen, der Immobilienverband Deutschland IVD Nord und der Verband norddeutscher Wohnungsunternehmen (VNW) an. Das B\u00fcndnis existiert seit dem Jahr 2011 und dient einer engen Abstimmung zwischen Stadt und Wohnungswirtschaft bei Wohnungsbauvorhaben.<\/p>\n<p><strong>Unternehmen<br \/><\/strong>Immobilienverband Deutschland IVD Verband der Immobilienberater, Makler, Verwalter und Sachverst\u00e4ndigen Region Nord e. V<\/p>\n<div style=\"margin-top: 0px; margin-bottom: 0px;\" class=\"sharethis-inline-follow-buttons\" ><\/div>","protected":false},"excerpt":{"rendered":"<p>Hamburg, 02.11.2022 (lifePR) &#8211; Gef\u00e4hrdung f\u00fcr den Wohnungsbau Finanzierung unklar Der Kompromiss der Stadt mit den Volksinitiativen \u00e2\u0080\u009eKeine Profite mit Boden und Miete wird die Probleme auf dem Hamburger Wohnungsmarkt &hellip; <\/p>\n","protected":false},"author":1,"featured_media":0,"comment_status":"open","ping_status":"open","sticky":false,"template":"","format":"standard","meta":{"footnotes":""},"categories":[431],"tags":[],"class_list":["post-43839","post","type-post","status-publish","format-standard","hentry","category-pressemitteilung-pressemeldung"],"yoast_head":"<!-- This site is optimized with the Yoast SEO plugin v27.2 - https:\/\/yoast.com\/product\/yoast-seo-wordpress\/ -->\n<title>Pressemitteilung - Wohnungswirtschaft: Kompromiss mit den Volksinitiativen ist eine \u00e2\u0080\u009edramatische Fehlentscheidung - Magazin f\u00fcr Vermieter<\/title>\n<meta name=\"robots\" content=\"index, follow, max-snippet:-1, max-image-preview:large, max-video-preview:-1\" \/>\n<link rel=\"canonical\" href=\"https:\/\/www.miet-check.de\/Mietblog\/2022\/11\/02\/pressemitteilung-wohnungswirtschaft-kompromiss-mit-den-volksinitiativen-ist-eine-a\u0080\u009edramatische-fehlentscheidung\/\" \/>\n<meta property=\"og:locale\" content=\"de_DE\" \/>\n<meta property=\"og:type\" content=\"article\" \/>\n<meta property=\"og:title\" content=\"Pressemitteilung - Wohnungswirtschaft: Kompromiss mit den Volksinitiativen ist eine \u00e2\u0080\u009edramatische Fehlentscheidung - Magazin f\u00fcr Vermieter\" \/>\n<meta property=\"og:description\" content=\"Hamburg, 02.11.2022 (lifePR) &#8211; Gef\u00e4hrdung f\u00fcr den Wohnungsbau Finanzierung unklar Der Kompromiss der Stadt mit den Volksinitiativen \u00e2\u0080\u009eKeine Profite mit Boden und Miete wird die Probleme auf dem Hamburger Wohnungsmarkt &hellip;\" \/>\n<meta property=\"og:url\" content=\"https:\/\/www.miet-check.de\/Mietblog\/2022\/11\/02\/pressemitteilung-wohnungswirtschaft-kompromiss-mit-den-volksinitiativen-ist-eine-a\u0080\u009edramatische-fehlentscheidung\/\" \/>\n<meta property=\"og:site_name\" content=\"Magazin f\u00fcr Vermieter\" \/>\n<meta property=\"article:published_time\" content=\"2022-11-02T12:52:42+00:00\" \/>\n<meta name=\"author\" content=\"Jochen\" \/>\n<meta name=\"twitter:card\" content=\"summary_large_image\" \/>\n<meta name=\"twitter:label1\" content=\"Verfasst von\" \/>\n\t<meta name=\"twitter:data1\" content=\"Jochen\" \/>\n\t<meta name=\"twitter:label2\" content=\"Gesch\u00e4tzte Lesezeit\" \/>\n\t<meta name=\"twitter:data2\" content=\"3\u00a0Minuten\" \/>\n<script type=\"application\/ld+json\" class=\"yoast-schema-graph\">{\"@context\":\"https:\/\/schema.org\",\"@graph\":[{\"@type\":\"Article\",\"@id\":\"https:\/\/www.miet-check.de\/Mietblog\/2022\/11\/02\/pressemitteilung-wohnungswirtschaft-kompromiss-mit-den-volksinitiativen-ist-eine-a%c2%80%c2%9edramatische-fehlentscheidung\/#article\",\"isPartOf\":{\"@id\":\"https:\/\/www.miet-check.de\/Mietblog\/2022\/11\/02\/pressemitteilung-wohnungswirtschaft-kompromiss-mit-den-volksinitiativen-ist-eine-a%c2%80%c2%9edramatische-fehlentscheidung\/\"},\"author\":{\"name\":\"Jochen\",\"@id\":\"https:\/\/www.miet-check.de\/Mietblog\/#\/schema\/person\/f6b99f199b07857a56ba6355973ec2c6\"},\"headline\":\"Pressemitteilung &#8211; Wohnungswirtschaft: Kompromiss mit den Volksinitiativen ist eine \u00e2\u0080\u009edramatische Fehlentscheidung\",\"datePublished\":\"2022-11-02T12:52:42+00:00\",\"mainEntityOfPage\":{\"@id\":\"https:\/\/www.miet-check.de\/Mietblog\/2022\/11\/02\/pressemitteilung-wohnungswirtschaft-kompromiss-mit-den-volksinitiativen-ist-eine-a%c2%80%c2%9edramatische-fehlentscheidung\/\"},\"wordCount\":575,\"commentCount\":0,\"articleSection\":[\"Pressemitteilung \/ Pressemeldung\"],\"inLanguage\":\"de\",\"potentialAction\":[{\"@type\":\"CommentAction\",\"name\":\"Comment\",\"target\":[\"https:\/\/www.miet-check.de\/Mietblog\/2022\/11\/02\/pressemitteilung-wohnungswirtschaft-kompromiss-mit-den-volksinitiativen-ist-eine-a%c2%80%c2%9edramatische-fehlentscheidung\/#respond\"]}]},{\"@type\":\"WebPage\",\"@id\":\"https:\/\/www.miet-check.de\/Mietblog\/2022\/11\/02\/pressemitteilung-wohnungswirtschaft-kompromiss-mit-den-volksinitiativen-ist-eine-a%c2%80%c2%9edramatische-fehlentscheidung\/\",\"url\":\"https:\/\/www.miet-check.de\/Mietblog\/2022\/11\/02\/pressemitteilung-wohnungswirtschaft-kompromiss-mit-den-volksinitiativen-ist-eine-a%c2%80%c2%9edramatische-fehlentscheidung\/\",\"name\":\"Pressemitteilung - Wohnungswirtschaft: Kompromiss mit den Volksinitiativen ist eine \u00e2\u0080\u009edramatische Fehlentscheidung - Magazin f\u00fcr Vermieter\",\"isPartOf\":{\"@id\":\"https:\/\/www.miet-check.de\/Mietblog\/#website\"},\"datePublished\":\"2022-11-02T12:52:42+00:00\",\"author\":{\"@id\":\"https:\/\/www.miet-check.de\/Mietblog\/#\/schema\/person\/f6b99f199b07857a56ba6355973ec2c6\"},\"breadcrumb\":{\"@id\":\"https:\/\/www.miet-check.de\/Mietblog\/2022\/11\/02\/pressemitteilung-wohnungswirtschaft-kompromiss-mit-den-volksinitiativen-ist-eine-a%c2%80%c2%9edramatische-fehlentscheidung\/#breadcrumb\"},\"inLanguage\":\"de\",\"potentialAction\":[{\"@type\":\"ReadAction\",\"target\":[\"https:\/\/www.miet-check.de\/Mietblog\/2022\/11\/02\/pressemitteilung-wohnungswirtschaft-kompromiss-mit-den-volksinitiativen-ist-eine-a%c2%80%c2%9edramatische-fehlentscheidung\/\"]}]},{\"@type\":\"BreadcrumbList\",\"@id\":\"https:\/\/www.miet-check.de\/Mietblog\/2022\/11\/02\/pressemitteilung-wohnungswirtschaft-kompromiss-mit-den-volksinitiativen-ist-eine-a%c2%80%c2%9edramatische-fehlentscheidung\/#breadcrumb\",\"itemListElement\":[{\"@type\":\"ListItem\",\"position\":1,\"name\":\"Startseite\",\"item\":\"https:\/\/www.miet-check.de\/Mietblog\/\"},{\"@type\":\"ListItem\",\"position\":2,\"name\":\"Pressemitteilung &#8211; Wohnungswirtschaft: Kompromiss mit den Volksinitiativen ist eine \u00e2\u0080\u009edramatische Fehlentscheidung\"}]},{\"@type\":\"WebSite\",\"@id\":\"https:\/\/www.miet-check.de\/Mietblog\/#website\",\"url\":\"https:\/\/www.miet-check.de\/Mietblog\/\",\"name\":\"Magazin f\u00fcr Vermieter\",\"description\":\"Mietpreise, Mietrecht, Mieterh\u00f6hung und vieles mehr...\",\"potentialAction\":[{\"@type\":\"SearchAction\",\"target\":{\"@type\":\"EntryPoint\",\"urlTemplate\":\"https:\/\/www.miet-check.de\/Mietblog\/?s={search_term_string}\"},\"query-input\":{\"@type\":\"PropertyValueSpecification\",\"valueRequired\":true,\"valueName\":\"search_term_string\"}}],\"inLanguage\":\"de\"},{\"@type\":\"Person\",\"@id\":\"https:\/\/www.miet-check.de\/Mietblog\/#\/schema\/person\/f6b99f199b07857a56ba6355973ec2c6\",\"name\":\"Jochen\",\"image\":{\"@type\":\"ImageObject\",\"inLanguage\":\"de\",\"@id\":\"https:\/\/secure.gravatar.com\/avatar\/1e725b4ceb701c169d6bf0c05c82a79e794268280a82b1454fb7af6156dd02cc?s=96&d=mm&r=g\",\"url\":\"https:\/\/secure.gravatar.com\/avatar\/1e725b4ceb701c169d6bf0c05c82a79e794268280a82b1454fb7af6156dd02cc?s=96&d=mm&r=g\",\"contentUrl\":\"https:\/\/secure.gravatar.com\/avatar\/1e725b4ceb701c169d6bf0c05c82a79e794268280a82b1454fb7af6156dd02cc?s=96&d=mm&r=g\",\"caption\":\"Jochen\"},\"url\":\"https:\/\/www.miet-check.de\/Mietblog\/author\/admin\/\"}]}<\/script>\n<!-- \/ Yoast SEO plugin. -->","yoast_head_json":{"title":"Pressemitteilung - Wohnungswirtschaft: Kompromiss mit den Volksinitiativen ist eine \u00e2\u0080\u009edramatische Fehlentscheidung - Magazin f\u00fcr Vermieter","robots":{"index":"index","follow":"follow","max-snippet":"max-snippet:-1","max-image-preview":"max-image-preview:large","max-video-preview":"max-video-preview:-1"},"canonical":"https:\/\/www.miet-check.de\/Mietblog\/2022\/11\/02\/pressemitteilung-wohnungswirtschaft-kompromiss-mit-den-volksinitiativen-ist-eine-a\u0080\u009edramatische-fehlentscheidung\/","og_locale":"de_DE","og_type":"article","og_title":"Pressemitteilung - Wohnungswirtschaft: Kompromiss mit den Volksinitiativen ist eine \u00e2\u0080\u009edramatische Fehlentscheidung - Magazin f\u00fcr Vermieter","og_description":"Hamburg, 02.11.2022 (lifePR) &#8211; Gef\u00e4hrdung f\u00fcr den Wohnungsbau Finanzierung unklar Der Kompromiss der Stadt mit den Volksinitiativen \u00e2\u0080\u009eKeine Profite mit Boden und Miete wird die Probleme auf dem Hamburger Wohnungsmarkt &hellip;","og_url":"https:\/\/www.miet-check.de\/Mietblog\/2022\/11\/02\/pressemitteilung-wohnungswirtschaft-kompromiss-mit-den-volksinitiativen-ist-eine-a\u0080\u009edramatische-fehlentscheidung\/","og_site_name":"Magazin f\u00fcr Vermieter","article_published_time":"2022-11-02T12:52:42+00:00","author":"Jochen","twitter_card":"summary_large_image","twitter_misc":{"Verfasst von":"Jochen","Gesch\u00e4tzte Lesezeit":"3\u00a0Minuten"},"schema":{"@context":"https:\/\/schema.org","@graph":[{"@type":"Article","@id":"https:\/\/www.miet-check.de\/Mietblog\/2022\/11\/02\/pressemitteilung-wohnungswirtschaft-kompromiss-mit-den-volksinitiativen-ist-eine-a%c2%80%c2%9edramatische-fehlentscheidung\/#article","isPartOf":{"@id":"https:\/\/www.miet-check.de\/Mietblog\/2022\/11\/02\/pressemitteilung-wohnungswirtschaft-kompromiss-mit-den-volksinitiativen-ist-eine-a%c2%80%c2%9edramatische-fehlentscheidung\/"},"author":{"name":"Jochen","@id":"https:\/\/www.miet-check.de\/Mietblog\/#\/schema\/person\/f6b99f199b07857a56ba6355973ec2c6"},"headline":"Pressemitteilung &#8211; Wohnungswirtschaft: Kompromiss mit den Volksinitiativen ist eine \u00e2\u0080\u009edramatische Fehlentscheidung","datePublished":"2022-11-02T12:52:42+00:00","mainEntityOfPage":{"@id":"https:\/\/www.miet-check.de\/Mietblog\/2022\/11\/02\/pressemitteilung-wohnungswirtschaft-kompromiss-mit-den-volksinitiativen-ist-eine-a%c2%80%c2%9edramatische-fehlentscheidung\/"},"wordCount":575,"commentCount":0,"articleSection":["Pressemitteilung \/ Pressemeldung"],"inLanguage":"de","potentialAction":[{"@type":"CommentAction","name":"Comment","target":["https:\/\/www.miet-check.de\/Mietblog\/2022\/11\/02\/pressemitteilung-wohnungswirtschaft-kompromiss-mit-den-volksinitiativen-ist-eine-a%c2%80%c2%9edramatische-fehlentscheidung\/#respond"]}]},{"@type":"WebPage","@id":"https:\/\/www.miet-check.de\/Mietblog\/2022\/11\/02\/pressemitteilung-wohnungswirtschaft-kompromiss-mit-den-volksinitiativen-ist-eine-a%c2%80%c2%9edramatische-fehlentscheidung\/","url":"https:\/\/www.miet-check.de\/Mietblog\/2022\/11\/02\/pressemitteilung-wohnungswirtschaft-kompromiss-mit-den-volksinitiativen-ist-eine-a%c2%80%c2%9edramatische-fehlentscheidung\/","name":"Pressemitteilung - Wohnungswirtschaft: Kompromiss mit den Volksinitiativen ist eine \u00e2\u0080\u009edramatische Fehlentscheidung - Magazin f\u00fcr Vermieter","isPartOf":{"@id":"https:\/\/www.miet-check.de\/Mietblog\/#website"},"datePublished":"2022-11-02T12:52:42+00:00","author":{"@id":"https:\/\/www.miet-check.de\/Mietblog\/#\/schema\/person\/f6b99f199b07857a56ba6355973ec2c6"},"breadcrumb":{"@id":"https:\/\/www.miet-check.de\/Mietblog\/2022\/11\/02\/pressemitteilung-wohnungswirtschaft-kompromiss-mit-den-volksinitiativen-ist-eine-a%c2%80%c2%9edramatische-fehlentscheidung\/#breadcrumb"},"inLanguage":"de","potentialAction":[{"@type":"ReadAction","target":["https:\/\/www.miet-check.de\/Mietblog\/2022\/11\/02\/pressemitteilung-wohnungswirtschaft-kompromiss-mit-den-volksinitiativen-ist-eine-a%c2%80%c2%9edramatische-fehlentscheidung\/"]}]},{"@type":"BreadcrumbList","@id":"https:\/\/www.miet-check.de\/Mietblog\/2022\/11\/02\/pressemitteilung-wohnungswirtschaft-kompromiss-mit-den-volksinitiativen-ist-eine-a%c2%80%c2%9edramatische-fehlentscheidung\/#breadcrumb","itemListElement":[{"@type":"ListItem","position":1,"name":"Startseite","item":"https:\/\/www.miet-check.de\/Mietblog\/"},{"@type":"ListItem","position":2,"name":"Pressemitteilung &#8211; Wohnungswirtschaft: Kompromiss mit den Volksinitiativen ist eine \u00e2\u0080\u009edramatische Fehlentscheidung"}]},{"@type":"WebSite","@id":"https:\/\/www.miet-check.de\/Mietblog\/#website","url":"https:\/\/www.miet-check.de\/Mietblog\/","name":"Magazin f\u00fcr Vermieter","description":"Mietpreise, Mietrecht, Mieterh\u00f6hung und vieles mehr...","potentialAction":[{"@type":"SearchAction","target":{"@type":"EntryPoint","urlTemplate":"https:\/\/www.miet-check.de\/Mietblog\/?s={search_term_string}"},"query-input":{"@type":"PropertyValueSpecification","valueRequired":true,"valueName":"search_term_string"}}],"inLanguage":"de"},{"@type":"Person","@id":"https:\/\/www.miet-check.de\/Mietblog\/#\/schema\/person\/f6b99f199b07857a56ba6355973ec2c6","name":"Jochen","image":{"@type":"ImageObject","inLanguage":"de","@id":"https:\/\/secure.gravatar.com\/avatar\/1e725b4ceb701c169d6bf0c05c82a79e794268280a82b1454fb7af6156dd02cc?s=96&d=mm&r=g","url":"https:\/\/secure.gravatar.com\/avatar\/1e725b4ceb701c169d6bf0c05c82a79e794268280a82b1454fb7af6156dd02cc?s=96&d=mm&r=g","contentUrl":"https:\/\/secure.gravatar.com\/avatar\/1e725b4ceb701c169d6bf0c05c82a79e794268280a82b1454fb7af6156dd02cc?s=96&d=mm&r=g","caption":"Jochen"},"url":"https:\/\/www.miet-check.de\/Mietblog\/author\/admin\/"}]}},"_links":{"self":[{"href":"https:\/\/www.miet-check.de\/Mietblog\/wp-json\/wp\/v2\/posts\/43839","targetHints":{"allow":["GET"]}}],"collection":[{"href":"https:\/\/www.miet-check.de\/Mietblog\/wp-json\/wp\/v2\/posts"}],"about":[{"href":"https:\/\/www.miet-check.de\/Mietblog\/wp-json\/wp\/v2\/types\/post"}],"author":[{"embeddable":true,"href":"https:\/\/www.miet-check.de\/Mietblog\/wp-json\/wp\/v2\/users\/1"}],"replies":[{"embeddable":true,"href":"https:\/\/www.miet-check.de\/Mietblog\/wp-json\/wp\/v2\/comments?post=43839"}],"version-history":[{"count":0,"href":"https:\/\/www.miet-check.de\/Mietblog\/wp-json\/wp\/v2\/posts\/43839\/revisions"}],"wp:attachment":[{"href":"https:\/\/www.miet-check.de\/Mietblog\/wp-json\/wp\/v2\/media?parent=43839"}],"wp:term":[{"taxonomy":"category","embeddable":true,"href":"https:\/\/www.miet-check.de\/Mietblog\/wp-json\/wp\/v2\/categories?post=43839"},{"taxonomy":"post_tag","embeddable":true,"href":"https:\/\/www.miet-check.de\/Mietblog\/wp-json\/wp\/v2\/tags?post=43839"}],"curies":[{"name":"wp","href":"https:\/\/api.w.org\/{rel}","templated":true}]}}