{"id":43843,"date":"2022-11-02T13:52:43","date_gmt":"2022-11-02T12:52:43","guid":{"rendered":"https:\/\/www.miet-check.de\/Mietblog\/2022\/11\/02\/pressemitteilung-handelsverband-wohnen-und-buero-veroeffentlicht-geschaeftsbericht-2021-2022\/"},"modified":"2022-11-02T13:52:43","modified_gmt":"2022-11-02T12:52:43","slug":"pressemitteilung-handelsverband-wohnen-und-buero-veroeffentlicht-geschaeftsbericht-2021-2022","status":"publish","type":"post","link":"https:\/\/www.miet-check.de\/Mietblog\/2022\/11\/02\/pressemitteilung-handelsverband-wohnen-und-buero-veroeffentlicht-geschaeftsbericht-2021-2022\/","title":{"rendered":"Pressemitteilung &#8211; Handelsverband Wohnen und B\u00fcro ver\u00f6ffentlicht Gesch\u00e4ftsbericht 2021\/2022"},"content":{"rendered":"<p>K\u00f6ln, 02.11.2022 (lifePR) &#8211; Der Gesch\u00e4ftsbericht 2021\/2022 des Handelsverbandes Wohnen und B\u00fcro e.V. (HWB) steht ab sofort zum Download bereit. Neben dem branchen\u00fcbergreifenden R\u00fcckblick auf das Gesch\u00e4ftsjahr und die allgemeine Wirtschaftslage 2021\/2022 enth\u00e4lt der Bericht ausf\u00fchrliche Informationen zu den Aktivit\u00e4ten der einzelnen Fachverb\u00e4nde M\u00f6bel und K\u00fcchen (BVDM), Koch- und Tischkultur (GPK) und B\u00fcro und Schreibkultur (HBS).<\/p>\n<p>Im Gesch\u00e4ftsbericht 2021\/2022 informiert der Handelsverband Wohnen und B\u00fcro e.V. (HWB) \u00fcber die allgemeine Wirtschaftslage 2021 und 2022 und beleuchtet ausf\u00fchrlich die Gesch\u00e4ftsjahre seiner Fachbereiche M\u00f6bel und K\u00fcchen, Koch- und Tischkultur sowie B\u00fcro und Schreibwaren. Der HWB gibt einen umfassenden Einblick in die Highlights des vergangenen Jahres. Hierzu z\u00e4hlen u.a. die j\u00e4hrlich stattfindenden Pressekonferenzen (on- und offline) der einzelnen Fachbereiche, die fachliche Branchenarbeit, das GPK-Gipfeltreffen in der Messe Frankfurt, die Arbeit in den Aussch\u00fcssen sowie Eindr\u00fccke von den Messen, die endlich wieder stattfinden konnten. Zudem gibt der HWB einen informativen \u00c3\u009cberblick \u00fcber seine vielf\u00e4ltigen Aufgaben, die im Laufe des Berichtszeitraumes durch die Gesch\u00e4ftsstelle wahrgenommen wurden.<\/p>\n<p>Unter <a href=\"http:\/\/www.hwb.online\/zahlenundfakten\">www.hwb.online\/zahlenundfakten<\/a> stehen die Gesch\u00e4ftsberichte des HWB in chronologischer Reihenfolge zum Download bereit. <a href=\"https:\/\/tinyurl.com\/ys5jeuz5\">Hier<\/a> geht es direkt zum aktuellen Gesch\u00e4ftsbericht 2021\/2022.<\/p>\n<p><strong>Unternehmen<br \/><\/strong>Bundesverband Wohnen und B\u00fcro e.V<\/p>\n<div style=\"margin-top: 0px; margin-bottom: 0px;\" class=\"sharethis-inline-follow-buttons\" ><\/div>","protected":false},"excerpt":{"rendered":"<p>K\u00f6ln, 02.11.2022 (lifePR) &#8211; Der Gesch\u00e4ftsbericht 2021\/2022 des Handelsverbandes Wohnen und B\u00fcro e.V. (HWB) steht ab sofort zum Download bereit. Neben dem branchen\u00fcbergreifenden R\u00fcckblick auf das Gesch\u00e4ftsjahr und die allgemeine &hellip; <\/p>\n","protected":false},"author":1,"featured_media":0,"comment_status":"open","ping_status":"open","sticky":false,"template":"","format":"standard","meta":{"footnotes":""},"categories":[431],"tags":[],"class_list":["post-43843","post","type-post","status-publish","format-standard","hentry","category-pressemitteilung-pressemeldung"],"yoast_head":"<!-- This site is optimized with the Yoast SEO plugin v27.2 - https:\/\/yoast.com\/product\/yoast-seo-wordpress\/ -->\n<title>Pressemitteilung - Handelsverband Wohnen und B\u00fcro ver\u00f6ffentlicht Gesch\u00e4ftsbericht 2021\/2022 - Magazin f\u00fcr Vermieter<\/title>\n<meta name=\"robots\" content=\"index, follow, max-snippet:-1, max-image-preview:large, max-video-preview:-1\" \/>\n<link rel=\"canonical\" href=\"https:\/\/www.miet-check.de\/Mietblog\/2022\/11\/02\/pressemitteilung-handelsverband-wohnen-und-buero-veroeffentlicht-geschaeftsbericht-2021-2022\/\" \/>\n<meta property=\"og:locale\" content=\"de_DE\" \/>\n<meta property=\"og:type\" content=\"article\" \/>\n<meta property=\"og:title\" content=\"Pressemitteilung - Handelsverband Wohnen und B\u00fcro ver\u00f6ffentlicht Gesch\u00e4ftsbericht 2021\/2022 - Magazin f\u00fcr Vermieter\" \/>\n<meta property=\"og:description\" content=\"K\u00f6ln, 02.11.2022 (lifePR) &#8211; Der Gesch\u00e4ftsbericht 2021\/2022 des Handelsverbandes Wohnen und B\u00fcro e.V. (HWB) steht ab sofort zum Download bereit. Neben dem branchen\u00fcbergreifenden R\u00fcckblick auf das Gesch\u00e4ftsjahr und die allgemeine &hellip;\" \/>\n<meta property=\"og:url\" content=\"https:\/\/www.miet-check.de\/Mietblog\/2022\/11\/02\/pressemitteilung-handelsverband-wohnen-und-buero-veroeffentlicht-geschaeftsbericht-2021-2022\/\" \/>\n<meta property=\"og:site_name\" content=\"Magazin f\u00fcr Vermieter\" \/>\n<meta property=\"article:published_time\" content=\"2022-11-02T12:52:43+00:00\" \/>\n<meta name=\"author\" content=\"Jochen\" \/>\n<meta name=\"twitter:card\" content=\"summary_large_image\" \/>\n<meta name=\"twitter:label1\" content=\"Verfasst von\" \/>\n\t<meta name=\"twitter:data1\" content=\"Jochen\" \/>\n\t<meta name=\"twitter:label2\" content=\"Gesch\u00e4tzte Lesezeit\" \/>\n\t<meta name=\"twitter:data2\" content=\"1\u00a0Minute\" \/>\n<script type=\"application\/ld+json\" class=\"yoast-schema-graph\">{\"@context\":\"https:\/\/schema.org\",\"@graph\":[{\"@type\":\"Article\",\"@id\":\"https:\/\/www.miet-check.de\/Mietblog\/2022\/11\/02\/pressemitteilung-handelsverband-wohnen-und-buero-veroeffentlicht-geschaeftsbericht-2021-2022\/#article\",\"isPartOf\":{\"@id\":\"https:\/\/www.miet-check.de\/Mietblog\/2022\/11\/02\/pressemitteilung-handelsverband-wohnen-und-buero-veroeffentlicht-geschaeftsbericht-2021-2022\/\"},\"author\":{\"name\":\"Jochen\",\"@id\":\"https:\/\/www.miet-check.de\/Mietblog\/#\/schema\/person\/f6b99f199b07857a56ba6355973ec2c6\"},\"headline\":\"Pressemitteilung &#8211; Handelsverband Wohnen und B\u00fcro ver\u00f6ffentlicht Gesch\u00e4ftsbericht 2021\/2022\",\"datePublished\":\"2022-11-02T12:52:43+00:00\",\"mainEntityOfPage\":{\"@id\":\"https:\/\/www.miet-check.de\/Mietblog\/2022\/11\/02\/pressemitteilung-handelsverband-wohnen-und-buero-veroeffentlicht-geschaeftsbericht-2021-2022\/\"},\"wordCount\":228,\"commentCount\":0,\"articleSection\":[\"Pressemitteilung \/ Pressemeldung\"],\"inLanguage\":\"de\",\"potentialAction\":[{\"@type\":\"CommentAction\",\"name\":\"Comment\",\"target\":[\"https:\/\/www.miet-check.de\/Mietblog\/2022\/11\/02\/pressemitteilung-handelsverband-wohnen-und-buero-veroeffentlicht-geschaeftsbericht-2021-2022\/#respond\"]}]},{\"@type\":\"WebPage\",\"@id\":\"https:\/\/www.miet-check.de\/Mietblog\/2022\/11\/02\/pressemitteilung-handelsverband-wohnen-und-buero-veroeffentlicht-geschaeftsbericht-2021-2022\/\",\"url\":\"https:\/\/www.miet-check.de\/Mietblog\/2022\/11\/02\/pressemitteilung-handelsverband-wohnen-und-buero-veroeffentlicht-geschaeftsbericht-2021-2022\/\",\"name\":\"Pressemitteilung - Handelsverband Wohnen und B\u00fcro ver\u00f6ffentlicht Gesch\u00e4ftsbericht 2021\/2022 - Magazin f\u00fcr Vermieter\",\"isPartOf\":{\"@id\":\"https:\/\/www.miet-check.de\/Mietblog\/#website\"},\"datePublished\":\"2022-11-02T12:52:43+00:00\",\"author\":{\"@id\":\"https:\/\/www.miet-check.de\/Mietblog\/#\/schema\/person\/f6b99f199b07857a56ba6355973ec2c6\"},\"breadcrumb\":{\"@id\":\"https:\/\/www.miet-check.de\/Mietblog\/2022\/11\/02\/pressemitteilung-handelsverband-wohnen-und-buero-veroeffentlicht-geschaeftsbericht-2021-2022\/#breadcrumb\"},\"inLanguage\":\"de\",\"potentialAction\":[{\"@type\":\"ReadAction\",\"target\":[\"https:\/\/www.miet-check.de\/Mietblog\/2022\/11\/02\/pressemitteilung-handelsverband-wohnen-und-buero-veroeffentlicht-geschaeftsbericht-2021-2022\/\"]}]},{\"@type\":\"BreadcrumbList\",\"@id\":\"https:\/\/www.miet-check.de\/Mietblog\/2022\/11\/02\/pressemitteilung-handelsverband-wohnen-und-buero-veroeffentlicht-geschaeftsbericht-2021-2022\/#breadcrumb\",\"itemListElement\":[{\"@type\":\"ListItem\",\"position\":1,\"name\":\"Startseite\",\"item\":\"https:\/\/www.miet-check.de\/Mietblog\/\"},{\"@type\":\"ListItem\",\"position\":2,\"name\":\"Pressemitteilung &#8211; Handelsverband Wohnen und B\u00fcro ver\u00f6ffentlicht Gesch\u00e4ftsbericht 2021\/2022\"}]},{\"@type\":\"WebSite\",\"@id\":\"https:\/\/www.miet-check.de\/Mietblog\/#website\",\"url\":\"https:\/\/www.miet-check.de\/Mietblog\/\",\"name\":\"Magazin f\u00fcr Vermieter\",\"description\":\"Mietpreise, Mietrecht, Mieterh\u00f6hung und vieles mehr...\",\"potentialAction\":[{\"@type\":\"SearchAction\",\"target\":{\"@type\":\"EntryPoint\",\"urlTemplate\":\"https:\/\/www.miet-check.de\/Mietblog\/?s={search_term_string}\"},\"query-input\":{\"@type\":\"PropertyValueSpecification\",\"valueRequired\":true,\"valueName\":\"search_term_string\"}}],\"inLanguage\":\"de\"},{\"@type\":\"Person\",\"@id\":\"https:\/\/www.miet-check.de\/Mietblog\/#\/schema\/person\/f6b99f199b07857a56ba6355973ec2c6\",\"name\":\"Jochen\",\"image\":{\"@type\":\"ImageObject\",\"inLanguage\":\"de\",\"@id\":\"https:\/\/secure.gravatar.com\/avatar\/1e725b4ceb701c169d6bf0c05c82a79e794268280a82b1454fb7af6156dd02cc?s=96&d=mm&r=g\",\"url\":\"https:\/\/secure.gravatar.com\/avatar\/1e725b4ceb701c169d6bf0c05c82a79e794268280a82b1454fb7af6156dd02cc?s=96&d=mm&r=g\",\"contentUrl\":\"https:\/\/secure.gravatar.com\/avatar\/1e725b4ceb701c169d6bf0c05c82a79e794268280a82b1454fb7af6156dd02cc?s=96&d=mm&r=g\",\"caption\":\"Jochen\"},\"url\":\"https:\/\/www.miet-check.de\/Mietblog\/author\/admin\/\"}]}<\/script>\n<!-- \/ Yoast SEO plugin. -->","yoast_head_json":{"title":"Pressemitteilung - Handelsverband Wohnen und B\u00fcro ver\u00f6ffentlicht Gesch\u00e4ftsbericht 2021\/2022 - Magazin f\u00fcr Vermieter","robots":{"index":"index","follow":"follow","max-snippet":"max-snippet:-1","max-image-preview":"max-image-preview:large","max-video-preview":"max-video-preview:-1"},"canonical":"https:\/\/www.miet-check.de\/Mietblog\/2022\/11\/02\/pressemitteilung-handelsverband-wohnen-und-buero-veroeffentlicht-geschaeftsbericht-2021-2022\/","og_locale":"de_DE","og_type":"article","og_title":"Pressemitteilung - Handelsverband Wohnen und B\u00fcro ver\u00f6ffentlicht Gesch\u00e4ftsbericht 2021\/2022 - Magazin f\u00fcr Vermieter","og_description":"K\u00f6ln, 02.11.2022 (lifePR) &#8211; Der Gesch\u00e4ftsbericht 2021\/2022 des Handelsverbandes Wohnen und B\u00fcro e.V. (HWB) steht ab sofort zum Download bereit. Neben dem branchen\u00fcbergreifenden R\u00fcckblick auf das Gesch\u00e4ftsjahr und die allgemeine &hellip;","og_url":"https:\/\/www.miet-check.de\/Mietblog\/2022\/11\/02\/pressemitteilung-handelsverband-wohnen-und-buero-veroeffentlicht-geschaeftsbericht-2021-2022\/","og_site_name":"Magazin f\u00fcr Vermieter","article_published_time":"2022-11-02T12:52:43+00:00","author":"Jochen","twitter_card":"summary_large_image","twitter_misc":{"Verfasst von":"Jochen","Gesch\u00e4tzte Lesezeit":"1\u00a0Minute"},"schema":{"@context":"https:\/\/schema.org","@graph":[{"@type":"Article","@id":"https:\/\/www.miet-check.de\/Mietblog\/2022\/11\/02\/pressemitteilung-handelsverband-wohnen-und-buero-veroeffentlicht-geschaeftsbericht-2021-2022\/#article","isPartOf":{"@id":"https:\/\/www.miet-check.de\/Mietblog\/2022\/11\/02\/pressemitteilung-handelsverband-wohnen-und-buero-veroeffentlicht-geschaeftsbericht-2021-2022\/"},"author":{"name":"Jochen","@id":"https:\/\/www.miet-check.de\/Mietblog\/#\/schema\/person\/f6b99f199b07857a56ba6355973ec2c6"},"headline":"Pressemitteilung &#8211; Handelsverband Wohnen und B\u00fcro ver\u00f6ffentlicht Gesch\u00e4ftsbericht 2021\/2022","datePublished":"2022-11-02T12:52:43+00:00","mainEntityOfPage":{"@id":"https:\/\/www.miet-check.de\/Mietblog\/2022\/11\/02\/pressemitteilung-handelsverband-wohnen-und-buero-veroeffentlicht-geschaeftsbericht-2021-2022\/"},"wordCount":228,"commentCount":0,"articleSection":["Pressemitteilung \/ Pressemeldung"],"inLanguage":"de","potentialAction":[{"@type":"CommentAction","name":"Comment","target":["https:\/\/www.miet-check.de\/Mietblog\/2022\/11\/02\/pressemitteilung-handelsverband-wohnen-und-buero-veroeffentlicht-geschaeftsbericht-2021-2022\/#respond"]}]},{"@type":"WebPage","@id":"https:\/\/www.miet-check.de\/Mietblog\/2022\/11\/02\/pressemitteilung-handelsverband-wohnen-und-buero-veroeffentlicht-geschaeftsbericht-2021-2022\/","url":"https:\/\/www.miet-check.de\/Mietblog\/2022\/11\/02\/pressemitteilung-handelsverband-wohnen-und-buero-veroeffentlicht-geschaeftsbericht-2021-2022\/","name":"Pressemitteilung - Handelsverband Wohnen und B\u00fcro ver\u00f6ffentlicht Gesch\u00e4ftsbericht 2021\/2022 - Magazin f\u00fcr Vermieter","isPartOf":{"@id":"https:\/\/www.miet-check.de\/Mietblog\/#website"},"datePublished":"2022-11-02T12:52:43+00:00","author":{"@id":"https:\/\/www.miet-check.de\/Mietblog\/#\/schema\/person\/f6b99f199b07857a56ba6355973ec2c6"},"breadcrumb":{"@id":"https:\/\/www.miet-check.de\/Mietblog\/2022\/11\/02\/pressemitteilung-handelsverband-wohnen-und-buero-veroeffentlicht-geschaeftsbericht-2021-2022\/#breadcrumb"},"inLanguage":"de","potentialAction":[{"@type":"ReadAction","target":["https:\/\/www.miet-check.de\/Mietblog\/2022\/11\/02\/pressemitteilung-handelsverband-wohnen-und-buero-veroeffentlicht-geschaeftsbericht-2021-2022\/"]}]},{"@type":"BreadcrumbList","@id":"https:\/\/www.miet-check.de\/Mietblog\/2022\/11\/02\/pressemitteilung-handelsverband-wohnen-und-buero-veroeffentlicht-geschaeftsbericht-2021-2022\/#breadcrumb","itemListElement":[{"@type":"ListItem","position":1,"name":"Startseite","item":"https:\/\/www.miet-check.de\/Mietblog\/"},{"@type":"ListItem","position":2,"name":"Pressemitteilung &#8211; Handelsverband Wohnen und B\u00fcro ver\u00f6ffentlicht Gesch\u00e4ftsbericht 2021\/2022"}]},{"@type":"WebSite","@id":"https:\/\/www.miet-check.de\/Mietblog\/#website","url":"https:\/\/www.miet-check.de\/Mietblog\/","name":"Magazin f\u00fcr Vermieter","description":"Mietpreise, Mietrecht, Mieterh\u00f6hung und vieles mehr...","potentialAction":[{"@type":"SearchAction","target":{"@type":"EntryPoint","urlTemplate":"https:\/\/www.miet-check.de\/Mietblog\/?s={search_term_string}"},"query-input":{"@type":"PropertyValueSpecification","valueRequired":true,"valueName":"search_term_string"}}],"inLanguage":"de"},{"@type":"Person","@id":"https:\/\/www.miet-check.de\/Mietblog\/#\/schema\/person\/f6b99f199b07857a56ba6355973ec2c6","name":"Jochen","image":{"@type":"ImageObject","inLanguage":"de","@id":"https:\/\/secure.gravatar.com\/avatar\/1e725b4ceb701c169d6bf0c05c82a79e794268280a82b1454fb7af6156dd02cc?s=96&d=mm&r=g","url":"https:\/\/secure.gravatar.com\/avatar\/1e725b4ceb701c169d6bf0c05c82a79e794268280a82b1454fb7af6156dd02cc?s=96&d=mm&r=g","contentUrl":"https:\/\/secure.gravatar.com\/avatar\/1e725b4ceb701c169d6bf0c05c82a79e794268280a82b1454fb7af6156dd02cc?s=96&d=mm&r=g","caption":"Jochen"},"url":"https:\/\/www.miet-check.de\/Mietblog\/author\/admin\/"}]}},"_links":{"self":[{"href":"https:\/\/www.miet-check.de\/Mietblog\/wp-json\/wp\/v2\/posts\/43843","targetHints":{"allow":["GET"]}}],"collection":[{"href":"https:\/\/www.miet-check.de\/Mietblog\/wp-json\/wp\/v2\/posts"}],"about":[{"href":"https:\/\/www.miet-check.de\/Mietblog\/wp-json\/wp\/v2\/types\/post"}],"author":[{"embeddable":true,"href":"https:\/\/www.miet-check.de\/Mietblog\/wp-json\/wp\/v2\/users\/1"}],"replies":[{"embeddable":true,"href":"https:\/\/www.miet-check.de\/Mietblog\/wp-json\/wp\/v2\/comments?post=43843"}],"version-history":[{"count":0,"href":"https:\/\/www.miet-check.de\/Mietblog\/wp-json\/wp\/v2\/posts\/43843\/revisions"}],"wp:attachment":[{"href":"https:\/\/www.miet-check.de\/Mietblog\/wp-json\/wp\/v2\/media?parent=43843"}],"wp:term":[{"taxonomy":"category","embeddable":true,"href":"https:\/\/www.miet-check.de\/Mietblog\/wp-json\/wp\/v2\/categories?post=43843"},{"taxonomy":"post_tag","embeddable":true,"href":"https:\/\/www.miet-check.de\/Mietblog\/wp-json\/wp\/v2\/tags?post=43843"}],"curies":[{"name":"wp","href":"https:\/\/api.w.org\/{rel}","templated":true}]}}