{"id":45457,"date":"2023-01-21T18:15:42","date_gmt":"2023-01-21T17:15:42","guid":{"rendered":"https:\/\/www.miet-check.de\/Mietblog\/2023\/01\/21\/pressemitteilung-die-architektin-karola\/"},"modified":"2023-01-21T18:15:42","modified_gmt":"2023-01-21T17:15:42","slug":"pressemitteilung-die-architektin-karola","status":"publish","type":"post","link":"https:\/\/www.miet-check.de\/Mietblog\/2023\/01\/21\/pressemitteilung-die-architektin-karola\/","title":{"rendered":"Pressemitteilung &#8211; Die Architektin Karola"},"content":{"rendered":"<p>M\u00f6ssingen-Talheim, 19.01.2023 (lifePR) &#8211; \u00a0<\/p>\n<p>Veranstaltungseinladung zum 22. Januar 2023 um 18.00 Uhr via Zoom<\/p>\n<p>\u00e2\u0080\u009e\u00e2\u0080\u00a6 denn ohne Arbeit kann man nicht leben \u00e2\u0080\u0093 Die Architektin Karola Bloch\u00a0<\/p>\n<p>Am Sonntag 22. Januar 2023 stellen Roland Beer und Claudia Lenz zusammen mit dem Talheimer Verlag ihren fast 700-seitigen Doppelband zum Lebensweg und zum Lebenswerk der Architektin Karola Bloch vor. Die B\u00fccher erlauben eine Wiederentdeckung und zugleich eine umfassende Neuentdeckung Karola Blochs als Architektin der Moderne, als Anh\u00e4ngerin des \u00e2\u0080\u009eNeuen Bauens und des Bauhauses. Die einschl\u00e4gige Neuerscheinung von Roland Beer und Claudia Lenz tr\u00e4gt den Titel: &gt;&gt;\u00e2\u0080\u009e\u00e2\u0080\u00a6 denn ohne Arbeit kann man nicht leben \u00e2\u0080\u0093 Die Architektin Karola Bloch Unsere Publikation macht eine Wieder- und Neuentdeckung der Architektin Karola Bloch (1905 -1994) m\u00f6glich, die meist \u00e2\u0080\u0093 wenn \u00fcberhaupt \u00e2\u0080\u0093 nur als Ehefrau des Philosophen Ernst Bloch wahrgenommen wurde und wird. F\u00fcr die beiden B\u00e4nde haben wir weltweit in Archiven, Bibliotheken und Briefwechseln geforscht und haben auch mit Nachkommen von Menschen, die Karola Bloch noch pers\u00f6nlich gekannt haben, gesprochen. Die beiden B\u00e4nde zeigen daher v\u00f6llig neue Informationen \u00fcber ihr Schaffen, ihre beruflichen Leistungen, zudem bislang unbekannte Pl\u00e4ne, Skizzen, Texte und Fotos. In der ersten Online-Lesung am 22. Januar 2023 wollen wir die Frage kl\u00e4ren, wieso wir den Buchtitel \u00e2\u0080\u009e\u00e2\u0080\u00a6 denn ohne Arbeit kann man nicht leben gew\u00e4hlt haben. F\u00fcr das Jahr 2023 sind weitere Online-Lesungen geplant, die einzelne Themen des Buches herausgreifen werden, wie beispielsweise Karola Blochs Studium, ihre architektonische Arbeit im Exil, ihre Arbeit an Kindereinrichtungen in der DDR und ihre architektonische Haltung zwischen Nationaler Bautradition und Neuem Bauen.<\/p>\n<p><strong>Unternehmen<br \/><\/strong>Talheimer Verlag Medienberatung und Consulting GmbH<\/p>\n<div style=\"margin-top: 0px; margin-bottom: 0px;\" class=\"sharethis-inline-follow-buttons\" ><\/div>","protected":false},"excerpt":{"rendered":"<p>M\u00f6ssingen-Talheim, 19.01.2023 (lifePR) &#8211; \u00a0 Veranstaltungseinladung zum 22. Januar 2023 um 18.00 Uhr via Zoom \u00e2\u0080\u009e\u00e2\u0080\u00a6 denn ohne Arbeit kann man nicht leben \u00e2\u0080\u0093 Die Architektin Karola Bloch\u00a0 Am Sonntag &hellip; <\/p>\n","protected":false},"author":1,"featured_media":0,"comment_status":"open","ping_status":"open","sticky":false,"template":"","format":"standard","meta":{"footnotes":""},"categories":[431],"tags":[],"class_list":["post-45457","post","type-post","status-publish","format-standard","hentry","category-pressemitteilung-pressemeldung"],"yoast_head":"<!-- This site is optimized with the Yoast SEO plugin v27.2 - https:\/\/yoast.com\/product\/yoast-seo-wordpress\/ -->\n<title>Pressemitteilung - Die Architektin Karola - Magazin f\u00fcr Vermieter<\/title>\n<meta name=\"robots\" content=\"index, follow, max-snippet:-1, max-image-preview:large, max-video-preview:-1\" \/>\n<link rel=\"canonical\" href=\"https:\/\/www.miet-check.de\/Mietblog\/2023\/01\/21\/pressemitteilung-die-architektin-karola\/\" \/>\n<meta property=\"og:locale\" content=\"de_DE\" \/>\n<meta property=\"og:type\" content=\"article\" \/>\n<meta property=\"og:title\" content=\"Pressemitteilung - Die Architektin Karola - Magazin f\u00fcr Vermieter\" \/>\n<meta property=\"og:description\" content=\"M\u00f6ssingen-Talheim, 19.01.2023 (lifePR) &#8211; \u00a0 Veranstaltungseinladung zum 22. Januar 2023 um 18.00 Uhr via Zoom \u00e2\u0080\u009e\u00e2\u0080\u00a6 denn ohne Arbeit kann man nicht leben \u00e2\u0080\u0093 Die Architektin Karola Bloch\u00a0 Am Sonntag &hellip;\" \/>\n<meta property=\"og:url\" content=\"https:\/\/www.miet-check.de\/Mietblog\/2023\/01\/21\/pressemitteilung-die-architektin-karola\/\" \/>\n<meta property=\"og:site_name\" content=\"Magazin f\u00fcr Vermieter\" \/>\n<meta property=\"article:published_time\" content=\"2023-01-21T17:15:42+00:00\" \/>\n<meta name=\"author\" content=\"Jochen\" \/>\n<meta name=\"twitter:card\" content=\"summary_large_image\" \/>\n<meta name=\"twitter:label1\" content=\"Verfasst von\" \/>\n\t<meta name=\"twitter:data1\" content=\"Jochen\" \/>\n\t<meta name=\"twitter:label2\" content=\"Gesch\u00e4tzte Lesezeit\" \/>\n\t<meta name=\"twitter:data2\" content=\"1\u00a0Minute\" \/>\n<script type=\"application\/ld+json\" class=\"yoast-schema-graph\">{\"@context\":\"https:\/\/schema.org\",\"@graph\":[{\"@type\":\"Article\",\"@id\":\"https:\/\/www.miet-check.de\/Mietblog\/2023\/01\/21\/pressemitteilung-die-architektin-karola\/#article\",\"isPartOf\":{\"@id\":\"https:\/\/www.miet-check.de\/Mietblog\/2023\/01\/21\/pressemitteilung-die-architektin-karola\/\"},\"author\":{\"name\":\"Jochen\",\"@id\":\"https:\/\/www.miet-check.de\/Mietblog\/#\/schema\/person\/f6b99f199b07857a56ba6355973ec2c6\"},\"headline\":\"Pressemitteilung &#8211; Die Architektin Karola\",\"datePublished\":\"2023-01-21T17:15:42+00:00\",\"mainEntityOfPage\":{\"@id\":\"https:\/\/www.miet-check.de\/Mietblog\/2023\/01\/21\/pressemitteilung-die-architektin-karola\/\"},\"wordCount\":268,\"commentCount\":0,\"articleSection\":[\"Pressemitteilung \/ Pressemeldung\"],\"inLanguage\":\"de\",\"potentialAction\":[{\"@type\":\"CommentAction\",\"name\":\"Comment\",\"target\":[\"https:\/\/www.miet-check.de\/Mietblog\/2023\/01\/21\/pressemitteilung-die-architektin-karola\/#respond\"]}]},{\"@type\":\"WebPage\",\"@id\":\"https:\/\/www.miet-check.de\/Mietblog\/2023\/01\/21\/pressemitteilung-die-architektin-karola\/\",\"url\":\"https:\/\/www.miet-check.de\/Mietblog\/2023\/01\/21\/pressemitteilung-die-architektin-karola\/\",\"name\":\"Pressemitteilung - Die Architektin Karola - Magazin f\u00fcr Vermieter\",\"isPartOf\":{\"@id\":\"https:\/\/www.miet-check.de\/Mietblog\/#website\"},\"datePublished\":\"2023-01-21T17:15:42+00:00\",\"author\":{\"@id\":\"https:\/\/www.miet-check.de\/Mietblog\/#\/schema\/person\/f6b99f199b07857a56ba6355973ec2c6\"},\"breadcrumb\":{\"@id\":\"https:\/\/www.miet-check.de\/Mietblog\/2023\/01\/21\/pressemitteilung-die-architektin-karola\/#breadcrumb\"},\"inLanguage\":\"de\",\"potentialAction\":[{\"@type\":\"ReadAction\",\"target\":[\"https:\/\/www.miet-check.de\/Mietblog\/2023\/01\/21\/pressemitteilung-die-architektin-karola\/\"]}]},{\"@type\":\"BreadcrumbList\",\"@id\":\"https:\/\/www.miet-check.de\/Mietblog\/2023\/01\/21\/pressemitteilung-die-architektin-karola\/#breadcrumb\",\"itemListElement\":[{\"@type\":\"ListItem\",\"position\":1,\"name\":\"Startseite\",\"item\":\"https:\/\/www.miet-check.de\/Mietblog\/\"},{\"@type\":\"ListItem\",\"position\":2,\"name\":\"Pressemitteilung &#8211; Die Architektin Karola\"}]},{\"@type\":\"WebSite\",\"@id\":\"https:\/\/www.miet-check.de\/Mietblog\/#website\",\"url\":\"https:\/\/www.miet-check.de\/Mietblog\/\",\"name\":\"Magazin f\u00fcr Vermieter\",\"description\":\"Mietpreise, Mietrecht, Mieterh\u00f6hung und vieles mehr...\",\"potentialAction\":[{\"@type\":\"SearchAction\",\"target\":{\"@type\":\"EntryPoint\",\"urlTemplate\":\"https:\/\/www.miet-check.de\/Mietblog\/?s={search_term_string}\"},\"query-input\":{\"@type\":\"PropertyValueSpecification\",\"valueRequired\":true,\"valueName\":\"search_term_string\"}}],\"inLanguage\":\"de\"},{\"@type\":\"Person\",\"@id\":\"https:\/\/www.miet-check.de\/Mietblog\/#\/schema\/person\/f6b99f199b07857a56ba6355973ec2c6\",\"name\":\"Jochen\",\"image\":{\"@type\":\"ImageObject\",\"inLanguage\":\"de\",\"@id\":\"https:\/\/secure.gravatar.com\/avatar\/1e725b4ceb701c169d6bf0c05c82a79e794268280a82b1454fb7af6156dd02cc?s=96&d=mm&r=g\",\"url\":\"https:\/\/secure.gravatar.com\/avatar\/1e725b4ceb701c169d6bf0c05c82a79e794268280a82b1454fb7af6156dd02cc?s=96&d=mm&r=g\",\"contentUrl\":\"https:\/\/secure.gravatar.com\/avatar\/1e725b4ceb701c169d6bf0c05c82a79e794268280a82b1454fb7af6156dd02cc?s=96&d=mm&r=g\",\"caption\":\"Jochen\"},\"url\":\"https:\/\/www.miet-check.de\/Mietblog\/author\/admin\/\"}]}<\/script>\n<!-- \/ Yoast SEO plugin. -->","yoast_head_json":{"title":"Pressemitteilung - Die Architektin Karola - Magazin f\u00fcr Vermieter","robots":{"index":"index","follow":"follow","max-snippet":"max-snippet:-1","max-image-preview":"max-image-preview:large","max-video-preview":"max-video-preview:-1"},"canonical":"https:\/\/www.miet-check.de\/Mietblog\/2023\/01\/21\/pressemitteilung-die-architektin-karola\/","og_locale":"de_DE","og_type":"article","og_title":"Pressemitteilung - Die Architektin Karola - Magazin f\u00fcr Vermieter","og_description":"M\u00f6ssingen-Talheim, 19.01.2023 (lifePR) &#8211; \u00a0 Veranstaltungseinladung zum 22. Januar 2023 um 18.00 Uhr via Zoom \u00e2\u0080\u009e\u00e2\u0080\u00a6 denn ohne Arbeit kann man nicht leben \u00e2\u0080\u0093 Die Architektin Karola Bloch\u00a0 Am Sonntag &hellip;","og_url":"https:\/\/www.miet-check.de\/Mietblog\/2023\/01\/21\/pressemitteilung-die-architektin-karola\/","og_site_name":"Magazin f\u00fcr Vermieter","article_published_time":"2023-01-21T17:15:42+00:00","author":"Jochen","twitter_card":"summary_large_image","twitter_misc":{"Verfasst von":"Jochen","Gesch\u00e4tzte Lesezeit":"1\u00a0Minute"},"schema":{"@context":"https:\/\/schema.org","@graph":[{"@type":"Article","@id":"https:\/\/www.miet-check.de\/Mietblog\/2023\/01\/21\/pressemitteilung-die-architektin-karola\/#article","isPartOf":{"@id":"https:\/\/www.miet-check.de\/Mietblog\/2023\/01\/21\/pressemitteilung-die-architektin-karola\/"},"author":{"name":"Jochen","@id":"https:\/\/www.miet-check.de\/Mietblog\/#\/schema\/person\/f6b99f199b07857a56ba6355973ec2c6"},"headline":"Pressemitteilung &#8211; Die Architektin Karola","datePublished":"2023-01-21T17:15:42+00:00","mainEntityOfPage":{"@id":"https:\/\/www.miet-check.de\/Mietblog\/2023\/01\/21\/pressemitteilung-die-architektin-karola\/"},"wordCount":268,"commentCount":0,"articleSection":["Pressemitteilung \/ Pressemeldung"],"inLanguage":"de","potentialAction":[{"@type":"CommentAction","name":"Comment","target":["https:\/\/www.miet-check.de\/Mietblog\/2023\/01\/21\/pressemitteilung-die-architektin-karola\/#respond"]}]},{"@type":"WebPage","@id":"https:\/\/www.miet-check.de\/Mietblog\/2023\/01\/21\/pressemitteilung-die-architektin-karola\/","url":"https:\/\/www.miet-check.de\/Mietblog\/2023\/01\/21\/pressemitteilung-die-architektin-karola\/","name":"Pressemitteilung - Die Architektin Karola - Magazin f\u00fcr Vermieter","isPartOf":{"@id":"https:\/\/www.miet-check.de\/Mietblog\/#website"},"datePublished":"2023-01-21T17:15:42+00:00","author":{"@id":"https:\/\/www.miet-check.de\/Mietblog\/#\/schema\/person\/f6b99f199b07857a56ba6355973ec2c6"},"breadcrumb":{"@id":"https:\/\/www.miet-check.de\/Mietblog\/2023\/01\/21\/pressemitteilung-die-architektin-karola\/#breadcrumb"},"inLanguage":"de","potentialAction":[{"@type":"ReadAction","target":["https:\/\/www.miet-check.de\/Mietblog\/2023\/01\/21\/pressemitteilung-die-architektin-karola\/"]}]},{"@type":"BreadcrumbList","@id":"https:\/\/www.miet-check.de\/Mietblog\/2023\/01\/21\/pressemitteilung-die-architektin-karola\/#breadcrumb","itemListElement":[{"@type":"ListItem","position":1,"name":"Startseite","item":"https:\/\/www.miet-check.de\/Mietblog\/"},{"@type":"ListItem","position":2,"name":"Pressemitteilung &#8211; Die Architektin Karola"}]},{"@type":"WebSite","@id":"https:\/\/www.miet-check.de\/Mietblog\/#website","url":"https:\/\/www.miet-check.de\/Mietblog\/","name":"Magazin f\u00fcr Vermieter","description":"Mietpreise, Mietrecht, Mieterh\u00f6hung und vieles mehr...","potentialAction":[{"@type":"SearchAction","target":{"@type":"EntryPoint","urlTemplate":"https:\/\/www.miet-check.de\/Mietblog\/?s={search_term_string}"},"query-input":{"@type":"PropertyValueSpecification","valueRequired":true,"valueName":"search_term_string"}}],"inLanguage":"de"},{"@type":"Person","@id":"https:\/\/www.miet-check.de\/Mietblog\/#\/schema\/person\/f6b99f199b07857a56ba6355973ec2c6","name":"Jochen","image":{"@type":"ImageObject","inLanguage":"de","@id":"https:\/\/secure.gravatar.com\/avatar\/1e725b4ceb701c169d6bf0c05c82a79e794268280a82b1454fb7af6156dd02cc?s=96&d=mm&r=g","url":"https:\/\/secure.gravatar.com\/avatar\/1e725b4ceb701c169d6bf0c05c82a79e794268280a82b1454fb7af6156dd02cc?s=96&d=mm&r=g","contentUrl":"https:\/\/secure.gravatar.com\/avatar\/1e725b4ceb701c169d6bf0c05c82a79e794268280a82b1454fb7af6156dd02cc?s=96&d=mm&r=g","caption":"Jochen"},"url":"https:\/\/www.miet-check.de\/Mietblog\/author\/admin\/"}]}},"_links":{"self":[{"href":"https:\/\/www.miet-check.de\/Mietblog\/wp-json\/wp\/v2\/posts\/45457","targetHints":{"allow":["GET"]}}],"collection":[{"href":"https:\/\/www.miet-check.de\/Mietblog\/wp-json\/wp\/v2\/posts"}],"about":[{"href":"https:\/\/www.miet-check.de\/Mietblog\/wp-json\/wp\/v2\/types\/post"}],"author":[{"embeddable":true,"href":"https:\/\/www.miet-check.de\/Mietblog\/wp-json\/wp\/v2\/users\/1"}],"replies":[{"embeddable":true,"href":"https:\/\/www.miet-check.de\/Mietblog\/wp-json\/wp\/v2\/comments?post=45457"}],"version-history":[{"count":0,"href":"https:\/\/www.miet-check.de\/Mietblog\/wp-json\/wp\/v2\/posts\/45457\/revisions"}],"wp:attachment":[{"href":"https:\/\/www.miet-check.de\/Mietblog\/wp-json\/wp\/v2\/media?parent=45457"}],"wp:term":[{"taxonomy":"category","embeddable":true,"href":"https:\/\/www.miet-check.de\/Mietblog\/wp-json\/wp\/v2\/categories?post=45457"},{"taxonomy":"post_tag","embeddable":true,"href":"https:\/\/www.miet-check.de\/Mietblog\/wp-json\/wp\/v2\/tags?post=45457"}],"curies":[{"name":"wp","href":"https:\/\/api.w.org\/{rel}","templated":true}]}}