{"id":9616,"date":"2018-01-05T10:44:28","date_gmt":"2018-01-05T09:44:28","guid":{"rendered":"http:\/\/www.miet-check.de\/Mietblog\/2018\/01\/05\/pressemitteilung-entruempelungsservice-gesucht-nein-schon-gefunden\/"},"modified":"2018-01-05T10:44:28","modified_gmt":"2018-01-05T09:44:28","slug":"pressemitteilung-entruempelungsservice-gesucht-nein-schon-gefunden","status":"publish","type":"post","link":"https:\/\/www.miet-check.de\/Mietblog\/2018\/01\/05\/pressemitteilung-entruempelungsservice-gesucht-nein-schon-gefunden\/","title":{"rendered":"Pressemitteilung &#8211; Entr\u00fcmpelungsservice gesucht? Nein, schon gefunden!"},"content":{"rendered":"<p>Wien, 04.01.2018 (lifePR) &#8211; Denken Sie schon mit Schrecken an die n\u00e4chste Dachbodenentr\u00fcmpelung? \u00dcber so lange Zeit hat sich hier einiges angesammelt und eigentlich war es immer nur ein Karton, der auf den Dachboden getragen wurde. Wie konnten die Stapel nur so hoch werden? Und woher kommen eigentlich die alten M\u00f6bel, das Dekomaterial, die Decken und Tapetenreste? Manchmal scheint es, als k\u00f6nnten diese \u201eLagerbest\u00e4nde\u201c unm\u00f6glich von nur einer Familie stammen.<\/p>\n<p>Fundgrube Dachboden<\/p>\n<p>Der Dachbereich wird, wenn er nicht zum Wohnraum ausgebaut ist, gern als Lagerfl\u00e4che benutzt. Hier kommen all die Dinge hin, die im t\u00e4glichen Leben nicht gebraucht werden und vielleicht einmal im Jahr zum Einsatz kommen. So etwa die Weihnachtsbaumbeleuchtung. Leider stellt sich bei den meisten Dingen heraus, dass sie eben nicht nur einmal im Jahr benutzt werden \u2013 sondern \u00fcberhaupt nie mehr! Einige Gegenst\u00e4nde wurden bereits ersetzt, andere schlichtweg vergessen. Nun ist der Stellplatz aber irgendwann zu gering, denn im Laufe der Jahre kommen immer neue Kartons und Gegenst\u00e4nde in den obereren Hausbereich. Es ist an der Zeit f\u00fcr eine gr\u00fcndliche Entr\u00fcmpelung! Doch wenn Sie sich die Arbeiten ansehen, m\u00f6chten Sie vielleicht gar nicht erst beginnen, weil Sie schon zu Anfang der Mut verlassen hat. Eine Entr\u00fcmpelungsfirma muss her, die g\u00fcnstig beim Entr\u00fcmpeln hilft und daf\u00fcr sorgt, dass hier oben wieder mehr Platz ist. Der als Abstellm\u00f6glichkeit genutzt werden kann oder doch den Platz f\u00fcr ein weiteres Zimmer im Haus freigibt.<\/p>\n<p>Entr\u00fcmpelung in Wien: Ihr Entr\u00fcmpelungsservice mit Kompetenz<\/p>\n<p>Wenn Sie einen Entr\u00fcmpelungsservice nutzen m\u00f6chten, so sind Sie hier an der richtigen Adresse. Dabei gehen unsere Leistungen weit \u00fcber die normale Dachbodenentr\u00fcmpelung hinaus! Wir k\u00fcmmern uns um die R\u00e4umung und Entsorgung, um Haushaltsaufl\u00f6sungen und die Entr\u00fcmpelung bei Verlassenschaften. Wir kaufen Antiquit\u00e4ten an und sorgen daf\u00fcr, dass Sie hierf\u00fcr beste Preise erzielen. Der Abtransport der Altwaren wird nat\u00fcrlich ebenso durch uns geregelt. Unsere Leistungen f\u00fcr die Entr\u00fcmpelung in Wien und Umgebung beziehen sich nicht nur auf den Entr\u00fcmpelungsservice, sondern wir helfen auch beim Umzug und beim Aufr\u00e4umen von Garten- und Garagenbereichen. Kurzum: Wir sind immer dort zur Stelle, wo es etwas zu r\u00e4umen und zu entsorgen gibt. Rufen Sie uns einfach an und wir beraten Sie zu den Leistungen, die durch uns erbracht werden k\u00f6nnen.<\/p>\n<div style=\"margin-top: 0px; margin-bottom: 0px;\" class=\"sharethis-inline-follow-buttons\" ><\/div>","protected":false},"excerpt":{"rendered":"<p>Wien, 04.01.2018 (lifePR) &#8211; Denken Sie schon mit Schrecken an die n\u00e4chste Dachbodenentr\u00fcmpelung? \u00dcber so lange Zeit hat sich hier einiges angesammelt und eigentlich war es immer nur ein Karton, &hellip; <\/p>\n","protected":false},"author":1,"featured_media":0,"comment_status":"open","ping_status":"open","sticky":false,"template":"","format":"standard","meta":{"footnotes":""},"categories":[431],"tags":[],"class_list":["post-9616","post","type-post","status-publish","format-standard","hentry","category-pressemitteilung-pressemeldung"],"yoast_head":"<!-- This site is optimized with the Yoast SEO plugin v27.2 - https:\/\/yoast.com\/product\/yoast-seo-wordpress\/ -->\n<title>Pressemitteilung - Entr\u00fcmpelungsservice gesucht? Nein, schon gefunden! - Magazin f\u00fcr Vermieter<\/title>\n<meta name=\"robots\" content=\"index, follow, max-snippet:-1, max-image-preview:large, max-video-preview:-1\" \/>\n<link rel=\"canonical\" href=\"https:\/\/www.miet-check.de\/Mietblog\/2018\/01\/05\/pressemitteilung-entruempelungsservice-gesucht-nein-schon-gefunden\/\" \/>\n<meta property=\"og:locale\" content=\"de_DE\" \/>\n<meta property=\"og:type\" content=\"article\" \/>\n<meta property=\"og:title\" content=\"Pressemitteilung - Entr\u00fcmpelungsservice gesucht? Nein, schon gefunden! - Magazin f\u00fcr Vermieter\" \/>\n<meta property=\"og:description\" content=\"Wien, 04.01.2018 (lifePR) &#8211; Denken Sie schon mit Schrecken an die n\u00e4chste Dachbodenentr\u00fcmpelung? \u00dcber so lange Zeit hat sich hier einiges angesammelt und eigentlich war es immer nur ein Karton, &hellip;\" \/>\n<meta property=\"og:url\" content=\"https:\/\/www.miet-check.de\/Mietblog\/2018\/01\/05\/pressemitteilung-entruempelungsservice-gesucht-nein-schon-gefunden\/\" \/>\n<meta property=\"og:site_name\" content=\"Magazin f\u00fcr Vermieter\" \/>\n<meta property=\"article:published_time\" content=\"2018-01-05T09:44:28+00:00\" \/>\n<meta name=\"author\" content=\"Jochen\" \/>\n<meta name=\"twitter:card\" content=\"summary_large_image\" \/>\n<meta name=\"twitter:label1\" content=\"Verfasst von\" \/>\n\t<meta name=\"twitter:data1\" content=\"Jochen\" \/>\n\t<meta name=\"twitter:label2\" content=\"Gesch\u00e4tzte Lesezeit\" \/>\n\t<meta name=\"twitter:data2\" content=\"2\u00a0Minuten\" \/>\n<script type=\"application\/ld+json\" class=\"yoast-schema-graph\">{\"@context\":\"https:\/\/schema.org\",\"@graph\":[{\"@type\":\"Article\",\"@id\":\"https:\/\/www.miet-check.de\/Mietblog\/2018\/01\/05\/pressemitteilung-entruempelungsservice-gesucht-nein-schon-gefunden\/#article\",\"isPartOf\":{\"@id\":\"https:\/\/www.miet-check.de\/Mietblog\/2018\/01\/05\/pressemitteilung-entruempelungsservice-gesucht-nein-schon-gefunden\/\"},\"author\":{\"name\":\"Jochen\",\"@id\":\"https:\/\/www.miet-check.de\/Mietblog\/#\/schema\/person\/f6b99f199b07857a56ba6355973ec2c6\"},\"headline\":\"Pressemitteilung &#8211; Entr\u00fcmpelungsservice gesucht? Nein, schon gefunden!\",\"datePublished\":\"2018-01-05T09:44:28+00:00\",\"mainEntityOfPage\":{\"@id\":\"https:\/\/www.miet-check.de\/Mietblog\/2018\/01\/05\/pressemitteilung-entruempelungsservice-gesucht-nein-schon-gefunden\/\"},\"wordCount\":410,\"commentCount\":0,\"articleSection\":[\"Pressemitteilung \/ Pressemeldung\"],\"inLanguage\":\"de\",\"potentialAction\":[{\"@type\":\"CommentAction\",\"name\":\"Comment\",\"target\":[\"https:\/\/www.miet-check.de\/Mietblog\/2018\/01\/05\/pressemitteilung-entruempelungsservice-gesucht-nein-schon-gefunden\/#respond\"]}]},{\"@type\":\"WebPage\",\"@id\":\"https:\/\/www.miet-check.de\/Mietblog\/2018\/01\/05\/pressemitteilung-entruempelungsservice-gesucht-nein-schon-gefunden\/\",\"url\":\"https:\/\/www.miet-check.de\/Mietblog\/2018\/01\/05\/pressemitteilung-entruempelungsservice-gesucht-nein-schon-gefunden\/\",\"name\":\"Pressemitteilung - Entr\u00fcmpelungsservice gesucht? Nein, schon gefunden! - Magazin f\u00fcr Vermieter\",\"isPartOf\":{\"@id\":\"https:\/\/www.miet-check.de\/Mietblog\/#website\"},\"datePublished\":\"2018-01-05T09:44:28+00:00\",\"author\":{\"@id\":\"https:\/\/www.miet-check.de\/Mietblog\/#\/schema\/person\/f6b99f199b07857a56ba6355973ec2c6\"},\"breadcrumb\":{\"@id\":\"https:\/\/www.miet-check.de\/Mietblog\/2018\/01\/05\/pressemitteilung-entruempelungsservice-gesucht-nein-schon-gefunden\/#breadcrumb\"},\"inLanguage\":\"de\",\"potentialAction\":[{\"@type\":\"ReadAction\",\"target\":[\"https:\/\/www.miet-check.de\/Mietblog\/2018\/01\/05\/pressemitteilung-entruempelungsservice-gesucht-nein-schon-gefunden\/\"]}]},{\"@type\":\"BreadcrumbList\",\"@id\":\"https:\/\/www.miet-check.de\/Mietblog\/2018\/01\/05\/pressemitteilung-entruempelungsservice-gesucht-nein-schon-gefunden\/#breadcrumb\",\"itemListElement\":[{\"@type\":\"ListItem\",\"position\":1,\"name\":\"Startseite\",\"item\":\"https:\/\/www.miet-check.de\/Mietblog\/\"},{\"@type\":\"ListItem\",\"position\":2,\"name\":\"Pressemitteilung &#8211; Entr\u00fcmpelungsservice gesucht? Nein, schon gefunden!\"}]},{\"@type\":\"WebSite\",\"@id\":\"https:\/\/www.miet-check.de\/Mietblog\/#website\",\"url\":\"https:\/\/www.miet-check.de\/Mietblog\/\",\"name\":\"Magazin f\u00fcr Vermieter\",\"description\":\"Mietpreise, Mietrecht, Mieterh\u00f6hung und vieles mehr...\",\"potentialAction\":[{\"@type\":\"SearchAction\",\"target\":{\"@type\":\"EntryPoint\",\"urlTemplate\":\"https:\/\/www.miet-check.de\/Mietblog\/?s={search_term_string}\"},\"query-input\":{\"@type\":\"PropertyValueSpecification\",\"valueRequired\":true,\"valueName\":\"search_term_string\"}}],\"inLanguage\":\"de\"},{\"@type\":\"Person\",\"@id\":\"https:\/\/www.miet-check.de\/Mietblog\/#\/schema\/person\/f6b99f199b07857a56ba6355973ec2c6\",\"name\":\"Jochen\",\"image\":{\"@type\":\"ImageObject\",\"inLanguage\":\"de\",\"@id\":\"https:\/\/secure.gravatar.com\/avatar\/1e725b4ceb701c169d6bf0c05c82a79e794268280a82b1454fb7af6156dd02cc?s=96&d=mm&r=g\",\"url\":\"https:\/\/secure.gravatar.com\/avatar\/1e725b4ceb701c169d6bf0c05c82a79e794268280a82b1454fb7af6156dd02cc?s=96&d=mm&r=g\",\"contentUrl\":\"https:\/\/secure.gravatar.com\/avatar\/1e725b4ceb701c169d6bf0c05c82a79e794268280a82b1454fb7af6156dd02cc?s=96&d=mm&r=g\",\"caption\":\"Jochen\"},\"url\":\"https:\/\/www.miet-check.de\/Mietblog\/author\/admin\/\"}]}<\/script>\n<!-- \/ Yoast SEO plugin. -->","yoast_head_json":{"title":"Pressemitteilung - Entr\u00fcmpelungsservice gesucht? Nein, schon gefunden! - Magazin f\u00fcr Vermieter","robots":{"index":"index","follow":"follow","max-snippet":"max-snippet:-1","max-image-preview":"max-image-preview:large","max-video-preview":"max-video-preview:-1"},"canonical":"https:\/\/www.miet-check.de\/Mietblog\/2018\/01\/05\/pressemitteilung-entruempelungsservice-gesucht-nein-schon-gefunden\/","og_locale":"de_DE","og_type":"article","og_title":"Pressemitteilung - Entr\u00fcmpelungsservice gesucht? Nein, schon gefunden! - Magazin f\u00fcr Vermieter","og_description":"Wien, 04.01.2018 (lifePR) &#8211; Denken Sie schon mit Schrecken an die n\u00e4chste Dachbodenentr\u00fcmpelung? \u00dcber so lange Zeit hat sich hier einiges angesammelt und eigentlich war es immer nur ein Karton, &hellip;","og_url":"https:\/\/www.miet-check.de\/Mietblog\/2018\/01\/05\/pressemitteilung-entruempelungsservice-gesucht-nein-schon-gefunden\/","og_site_name":"Magazin f\u00fcr Vermieter","article_published_time":"2018-01-05T09:44:28+00:00","author":"Jochen","twitter_card":"summary_large_image","twitter_misc":{"Verfasst von":"Jochen","Gesch\u00e4tzte Lesezeit":"2\u00a0Minuten"},"schema":{"@context":"https:\/\/schema.org","@graph":[{"@type":"Article","@id":"https:\/\/www.miet-check.de\/Mietblog\/2018\/01\/05\/pressemitteilung-entruempelungsservice-gesucht-nein-schon-gefunden\/#article","isPartOf":{"@id":"https:\/\/www.miet-check.de\/Mietblog\/2018\/01\/05\/pressemitteilung-entruempelungsservice-gesucht-nein-schon-gefunden\/"},"author":{"name":"Jochen","@id":"https:\/\/www.miet-check.de\/Mietblog\/#\/schema\/person\/f6b99f199b07857a56ba6355973ec2c6"},"headline":"Pressemitteilung &#8211; Entr\u00fcmpelungsservice gesucht? Nein, schon gefunden!","datePublished":"2018-01-05T09:44:28+00:00","mainEntityOfPage":{"@id":"https:\/\/www.miet-check.de\/Mietblog\/2018\/01\/05\/pressemitteilung-entruempelungsservice-gesucht-nein-schon-gefunden\/"},"wordCount":410,"commentCount":0,"articleSection":["Pressemitteilung \/ Pressemeldung"],"inLanguage":"de","potentialAction":[{"@type":"CommentAction","name":"Comment","target":["https:\/\/www.miet-check.de\/Mietblog\/2018\/01\/05\/pressemitteilung-entruempelungsservice-gesucht-nein-schon-gefunden\/#respond"]}]},{"@type":"WebPage","@id":"https:\/\/www.miet-check.de\/Mietblog\/2018\/01\/05\/pressemitteilung-entruempelungsservice-gesucht-nein-schon-gefunden\/","url":"https:\/\/www.miet-check.de\/Mietblog\/2018\/01\/05\/pressemitteilung-entruempelungsservice-gesucht-nein-schon-gefunden\/","name":"Pressemitteilung - Entr\u00fcmpelungsservice gesucht? Nein, schon gefunden! - Magazin f\u00fcr Vermieter","isPartOf":{"@id":"https:\/\/www.miet-check.de\/Mietblog\/#website"},"datePublished":"2018-01-05T09:44:28+00:00","author":{"@id":"https:\/\/www.miet-check.de\/Mietblog\/#\/schema\/person\/f6b99f199b07857a56ba6355973ec2c6"},"breadcrumb":{"@id":"https:\/\/www.miet-check.de\/Mietblog\/2018\/01\/05\/pressemitteilung-entruempelungsservice-gesucht-nein-schon-gefunden\/#breadcrumb"},"inLanguage":"de","potentialAction":[{"@type":"ReadAction","target":["https:\/\/www.miet-check.de\/Mietblog\/2018\/01\/05\/pressemitteilung-entruempelungsservice-gesucht-nein-schon-gefunden\/"]}]},{"@type":"BreadcrumbList","@id":"https:\/\/www.miet-check.de\/Mietblog\/2018\/01\/05\/pressemitteilung-entruempelungsservice-gesucht-nein-schon-gefunden\/#breadcrumb","itemListElement":[{"@type":"ListItem","position":1,"name":"Startseite","item":"https:\/\/www.miet-check.de\/Mietblog\/"},{"@type":"ListItem","position":2,"name":"Pressemitteilung &#8211; Entr\u00fcmpelungsservice gesucht? Nein, schon gefunden!"}]},{"@type":"WebSite","@id":"https:\/\/www.miet-check.de\/Mietblog\/#website","url":"https:\/\/www.miet-check.de\/Mietblog\/","name":"Magazin f\u00fcr Vermieter","description":"Mietpreise, Mietrecht, Mieterh\u00f6hung und vieles mehr...","potentialAction":[{"@type":"SearchAction","target":{"@type":"EntryPoint","urlTemplate":"https:\/\/www.miet-check.de\/Mietblog\/?s={search_term_string}"},"query-input":{"@type":"PropertyValueSpecification","valueRequired":true,"valueName":"search_term_string"}}],"inLanguage":"de"},{"@type":"Person","@id":"https:\/\/www.miet-check.de\/Mietblog\/#\/schema\/person\/f6b99f199b07857a56ba6355973ec2c6","name":"Jochen","image":{"@type":"ImageObject","inLanguage":"de","@id":"https:\/\/secure.gravatar.com\/avatar\/1e725b4ceb701c169d6bf0c05c82a79e794268280a82b1454fb7af6156dd02cc?s=96&d=mm&r=g","url":"https:\/\/secure.gravatar.com\/avatar\/1e725b4ceb701c169d6bf0c05c82a79e794268280a82b1454fb7af6156dd02cc?s=96&d=mm&r=g","contentUrl":"https:\/\/secure.gravatar.com\/avatar\/1e725b4ceb701c169d6bf0c05c82a79e794268280a82b1454fb7af6156dd02cc?s=96&d=mm&r=g","caption":"Jochen"},"url":"https:\/\/www.miet-check.de\/Mietblog\/author\/admin\/"}]}},"_links":{"self":[{"href":"https:\/\/www.miet-check.de\/Mietblog\/wp-json\/wp\/v2\/posts\/9616","targetHints":{"allow":["GET"]}}],"collection":[{"href":"https:\/\/www.miet-check.de\/Mietblog\/wp-json\/wp\/v2\/posts"}],"about":[{"href":"https:\/\/www.miet-check.de\/Mietblog\/wp-json\/wp\/v2\/types\/post"}],"author":[{"embeddable":true,"href":"https:\/\/www.miet-check.de\/Mietblog\/wp-json\/wp\/v2\/users\/1"}],"replies":[{"embeddable":true,"href":"https:\/\/www.miet-check.de\/Mietblog\/wp-json\/wp\/v2\/comments?post=9616"}],"version-history":[{"count":0,"href":"https:\/\/www.miet-check.de\/Mietblog\/wp-json\/wp\/v2\/posts\/9616\/revisions"}],"wp:attachment":[{"href":"https:\/\/www.miet-check.de\/Mietblog\/wp-json\/wp\/v2\/media?parent=9616"}],"wp:term":[{"taxonomy":"category","embeddable":true,"href":"https:\/\/www.miet-check.de\/Mietblog\/wp-json\/wp\/v2\/categories?post=9616"},{"taxonomy":"post_tag","embeddable":true,"href":"https:\/\/www.miet-check.de\/Mietblog\/wp-json\/wp\/v2\/tags?post=9616"}],"curies":[{"name":"wp","href":"https:\/\/api.w.org\/{rel}","templated":true}]}}